{"id":354765,"date":"2016-02-06T10:40:42","date_gmt":"2016-02-06T16:40:42","guid":{"rendered":"http:\/\/futboltotal.com.mx\/?p=354765"},"modified":"2016-02-06T13:48:17","modified_gmt":"2016-02-06T19:48:17","slug":"en-vivo-leverkusen-vs-bayern-munich-bundesliga","status":"publish","type":"post","link":"http:\/\/desarrollo.grupomedios.com\/futbol\/futbol-internacional\/en-vivo-leverkusen-vs-bayern-munich-bundesliga\/2016\/02","title":{"rendered":"AS\u00cd SE VIVI\u00d3 | Bayer Leverkusen 0-0 Bayern Munich"},"content":{"rendered":"<p>Con este resultado, el <strong>Bayer Leverkusen<\/strong> se mantiene en el quinto puesto de la <strong>Bundesliga<\/strong>, con 32 unidades. El <strong>Bayern Munich<\/strong>, es l\u00edder de la justa alemana, con 54 unidades.<\/p>\n<p style=\"text-align: left;\"><span style=\"color: #ff0000;\">90:00<\/span> +2 \u00a1Termina el partido!<\/p>\n<p style=\"text-align: left;\"><span style=\"color: #ff0000;\">90:00<\/span> Se agregan dos minutos.<\/p>\n<p style=\"text-align: left;\"><span style=\"color: #ff0000;\">86:00<\/span> CAMBIO del <strong>Bayer Leverkusen<\/strong>: entra Admir Mehmedi, sale Karim  Bellarabi.<\/p>\n<p style=\"text-align: left;\"><span style=\"color: #ff0000;\">86:00<\/span> CAMBIO del <strong>Bayern Munich<\/strong>: entra Sebastian Rode, sale Kingsley  Coman.<\/p>\n<p style=\"text-align: left;\"><span style=\"color: #ff0000;\">86:00<\/span> Peligroso disparo de Julian Brandt.<\/p>\n<p style=\"text-align: left;\"><span style=\"color: #ff0000;\">83:00<\/span> \u00a1EXPULSI\u00d3N para Xavi Alonso! El espa\u00f1ol se gana una segunda amarilla por fuerte falta sobre el <strong>Chicharito<\/strong>.<\/p>\n<p style=\"text-align: left;\"><span style=\"color: #ff0000;\">82:00<\/span> \u00a1Se vuelven a salvar las <em>Aspirinas<\/em>! Robert Lewandowski falla.<\/p>\n<p style=\"text-align: left;\"><span style=\"color: #ff0000;\">81:00<\/span> Douglas Costa ingresa al \u00e1rea y \u00d6mer Toprak barre para mandar a tiro de esquina. Sin duda, los mejores jugadores del partido.<\/p>\n<p style=\"text-align: left;\"><span style=\"color: #ff0000;\">79:00<\/span> Nueva llegada de peligro del <strong>Munich<\/strong>, nueva intervenci\u00f3n defensiva de Toprak, capit\u00e1n de las <em>Aspirinas<\/em>.<\/p>\n<p style=\"text-align: left;\"><span style=\"color: #ff0000;\">77:00<\/span> AMONESTACI\u00d3N para Xavi Alonso, jugador del <strong>Bayern Munich<\/strong>.<\/p>\n<p style=\"text-align: left;\"><span style=\"color: #ff0000;\">73:00<\/span> CAMBIO del <strong>Leverkusen<\/strong>: entra Julian Brandt, sale Stefan Kiessling.<\/p>\n<p style=\"text-align: left;\"><span style=\"color: #ff0000;\">72:00<\/span> Nuevo aviso de M\u00fcller. Toprak detuvo el peligroso remate.<\/p>\n<p style=\"text-align: left;\"><span style=\"color: #ff0000;\">71:00<\/span> El gol no llega al <em>BayArena<\/em>.<\/p>\n<p><a href=\"http:\/\/futboltotal.com.mx\/2016\/02\/en-vivo-leverkusen-vs-bayern-munich-bundesliga\/chicharito-leverkusen-munich\/\" rel=\"attachment wp-att-355044\"><img decoding=\"async\" loading=\"lazy\" src=\"http:\/\/futboltotal.com.mx\/wp-content\/uploads\/2016\/02\/chicharito-leverkusen-munich.jpg\" alt=\"chicharito-leverkusen-munich\" class=\"aligncenter size-full wp-image-355044\" srcset=\"http:\/\/desarrollo.grupomedios.com\/futbol\/wp-content\/uploads\/2016\/02\/chicharito-leverkusen-munich.jpg 600w, http:\/\/desarrollo.grupomedios.com\/futbol\/wp-content\/uploads\/2016\/02\/chicharito-leverkusen-munich-300x169.jpg 300w\" sizes=\"(max-width: 600px) 100vw, 600px\" \/><\/a><\/p>\n<p style=\"text-align: left;\"><span style=\"color: #ff0000;\">65:00<\/span> Thomas M\u00fcller deja escapar una nueva chance. Servicio preciso de Douglas Costa que encuentra al delantero alem\u00e1n dentro del \u00e1rea, pero el remate del goleador se va desviado. <\/p>\n<p style=\"text-align: left;\"><span style=\"color: #ff0000;\">63:00<\/span> \u00a1Se salva el <strong>Leverkusen<\/strong>! M\u00fcller deja escapar una gran oportunidad.<\/p>\n<p style=\"text-align: left;\"><span style=\"color: #ff0000;\">62:00<\/span> Par de jugadas de peligro del <strong>Leverkusen<\/strong>. Los arribos se quedan en meros avisos.<\/p>\n<p style=\"text-align: left;\"><span style=\"color: #ff0000;\">59:00<\/span> CAMBIO del <strong>Bayern Munich<\/strong>: entra Thomas M\u00fcller, sale Arjen Robben.<\/p>\n<p style=\"text-align: left;\"><span style=\"color: #ff0000;\">57:00<\/span> Wendell sale del campo para ser atendido por el cuerpo m\u00e9dico. Segundos despu\u00e9s regres\u00f3 al campo.<\/p>\n<p style=\"text-align: left;\"><span style=\"color: #ff0000;\">55:00<\/span> Responde el <strong>Bayern<\/strong>: Primer Arjen Robben y\u00a0despu\u00e9s Robert Lewandowski. En ambas ocasiones, la defensa de las <em>Aspirinas<\/em> frena de manera adecuada.<\/p>\n<p style=\"text-align: left;\"><span style=\"color: #ff0000;\">52:00<\/span> Nueva llegada de peligro del <strong>Leverkusen<\/strong>.<\/p>\n<p style=\"text-align: left;\"><span style=\"color: #ff0000;\">52:00<\/span> \u00a1Peligroso disparo de larga distancia del <strong>Chicharito<\/strong>! El remate del mexicano sale ligeramente desviado.<\/p>\n<blockquote class=\"twitter-tweet\" data-lang=\"es\">\n<p lang=\"es\" dir=\"ltr\">TREMENDO TIRO de <a href=\"https:\/\/twitter.com\/hashtag\/Chicharito?src=hash\">#Chicharito<\/a> que amenaz\u00f3 a M\u00fcller atr\u00e1s del arco. <a href=\"https:\/\/twitter.com\/hashtag\/BayerLeverkusen?src=hash\">#BayerLeverkusen<\/a> V\u00eda <a href=\"https:\/\/twitter.com\/Mario_Riveretti\">@Mario_Riveretti<\/a> <a href=\"https:\/\/t.co\/iNZIHng6sv\">pic.twitter.com\/iNZIHng6sv<\/a><\/p>\n<p>&mdash; GNewSport (@GNewSport) <a href=\"https:\/\/twitter.com\/GNewSport\/status\/696044519624564736\">febrero 6, 2016<\/a><\/p><\/blockquote>\n<p> <script async src=\"\/\/platform.twitter.com\/widgets.js\" charset=\"utf-8\"><\/script><\/p>\n<p style=\"text-align: left;\"><span style=\"color: #ff0000;\">51:00<\/span> CAMBIO del <strong>Bayern Munich<\/strong>: entra Thiago Alc\u00e1ntara, sale Arturo Vidal.<\/p>\n<p style=\"text-align: left;\"><span style=\"color: #ff0000;\">50:00<\/span> CAMBIO del <strong>Leverkusen<\/strong>: entra Roberto Hilbert, sale Tin Jedvaj. <\/p>\n<p style=\"text-align: left;\"><span style=\"color: #ff0000;\">49:00<\/span> Se detiene el partido. Arturo Vidal se reciente de un balonazo que recibi\u00f3 en la cabeza.<\/p>\n<p style=\"text-align: left;\"><span style=\"color: #ff0000;\">45:00<\/span> \u00a1Arranca el segundo tiempo!<\/p>\n<p style=\"text-align: left;\"><span style=\"color: #ff0000;\">45:00<\/span> El <strong>Bayer Leverkusen<\/strong> regresa a la cancha. <strong>Chicharito<\/strong> se mantiene en la alineaci\u00f3n.<\/p>\n<p style=\"text-align: left;\"><span style=\"color: #ff0000;\">45:00<\/span> En el primer tiempo se registraron 13 faltas del <strong>Leverkusen<\/strong> y seis del <strong>Munich<\/strong>.<\/p>\n<p style=\"text-align: left;\"><span style=\"color: #ff0000;\">45:00<\/span> Complejo y cerrado encuentro. Mucha t\u00e1ctica, poco futbol. Complicado duelo para el <strong>Chicharito<\/strong>, quien no ha tenido ni un bal\u00f3n a modo.<\/p>\n<p><a href=\"http:\/\/futboltotal.com.mx\/2016\/02\/en-vivo-leverkusen-vs-bayern-munich-bundesliga\/chicharito-leverkusen-5\/\" rel=\"attachment wp-att-355025\"><img decoding=\"async\" loading=\"lazy\" src=\"http:\/\/futboltotal.com.mx\/wp-content\/uploads\/2016\/02\/chicharito-leverkusen-1.jpg\" alt=\"chicharito-leverkusen\" class=\"aligncenter size-full wp-image-355025\" srcset=\"http:\/\/desarrollo.grupomedios.com\/futbol\/wp-content\/uploads\/2016\/02\/chicharito-leverkusen-1.jpg 600w, http:\/\/desarrollo.grupomedios.com\/futbol\/wp-content\/uploads\/2016\/02\/chicharito-leverkusen-1-300x166.jpg 300w\" sizes=\"(max-width: 600px) 100vw, 600px\" \/><\/a><\/p>\n<p style=\"text-align: left;\"><span style=\"color: #ff0000;\">45:00<\/span> Termina el primer tiempo.<\/p>\n<p style=\"text-align: left;\"><span style=\"color: #ff0000;\">39:00<\/span> Javier Hern\u00e1ndez recibe el bal\u00f3n por la banda izquierda, el delantero mexicano intenta centrar, pero su servicio es deficiente.<\/p>\n<p style=\"text-align: left;\"><span style=\"color: #ff0000;\">35:00<\/span> Peligroso arribo del Munich. La jugada no crece tras marcarle fuera de lugar a Lewandowski.<\/p>\n<p style=\"text-align: left;\"><span style=\"color: #ff0000;\">31:00<\/span> El duelo se detiene moment\u00e1neamente por un altercado entre Coman y Jedvaj.<\/p>\n<p style=\"text-align: left;\"><span style=\"color: #ff0000;\">27:00<\/span> Trazo largo con direcci\u00f3n al <strong>Chicharito<\/strong>. La oportuna salida de Neuer evita que la jugada crezca. <\/p>\n<p style=\"text-align: left;\"><span style=\"color: #ff0000;\">20:00<\/span> Interesante contragolpe de las <em>Aspirinas<\/em>. Al final, el servicio de Karim Bellarabi al <strong>Chicharito<\/strong> qued\u00f3 largo.<\/p>\n<p style=\"text-align: left;\"><span style=\"color: #ff0000;\">19:00<\/span> Tiro de esquina a favor del <strong>Bayern Munich<\/strong>. Sin peligro.<\/p>\n<p style=\"text-align: left;\"><span style=\"color: #ff0000;\">17:00<\/span> Complejo inicio de partido. Muchas faltas. Ambos equipos disputan cada bal\u00f3n con intensidad.<\/p>\n<p><a href=\"http:\/\/futboltotal.com.mx\/2016\/02\/en-vivo-leverkusen-vs-bayern-munich-bundesliga\/en-vivo-bayer-leverkusen-bayern-munich-2\/\" rel=\"attachment wp-att-355023\"><img decoding=\"async\" loading=\"lazy\" src=\"http:\/\/futboltotal.com.mx\/wp-content\/uploads\/2016\/02\/EN-VIVO-Bayer-Leverkusen-Bayern-Munich-1.jpg\" alt=\"EN-VIVO-Bayer-Leverkusen-Bayern-Munich\" class=\"aligncenter size-full wp-image-355023\" srcset=\"http:\/\/desarrollo.grupomedios.com\/futbol\/wp-content\/uploads\/2016\/02\/EN-VIVO-Bayer-Leverkusen-Bayern-Munich-1.jpg 1100w, http:\/\/desarrollo.grupomedios.com\/futbol\/wp-content\/uploads\/2016\/02\/EN-VIVO-Bayer-Leverkusen-Bayern-Munich-1-300x151.jpg 300w, http:\/\/desarrollo.grupomedios.com\/futbol\/wp-content\/uploads\/2016\/02\/EN-VIVO-Bayer-Leverkusen-Bayern-Munich-1-768x386.jpg 768w, http:\/\/desarrollo.grupomedios.com\/futbol\/wp-content\/uploads\/2016\/02\/EN-VIVO-Bayer-Leverkusen-Bayern-Munich-1-1024x515.jpg 1024w\" sizes=\"(max-width: 1100px) 100vw, 1100px\" \/><\/a><\/p>\n<p style=\"text-align: left;\"><span style=\"color: #ff0000;\">10:00<\/span> Peligroso remate de cabeza de \u00d6mer Toprak.<\/p>\n<p style=\"text-align: left;\"><span style=\"color: #ff0000;\">10:00<\/span> Tiro de esquina a favor del <strong>Leverkusen<\/strong>.<\/p>\n<p style=\"text-align: left;\"><span style=\"color: #ff0000;\">05:30<\/span> Fuera de lugar del <strong>Chicharito<\/strong>.<\/p>\n<p style=\"text-align: left;\"><span style=\"color: #ff0000;\">04:00<\/span> Fuerte falta sobre Lewandowski. El cobro de tiro libre indirecto llega sin problemas a las manos de Leno.<\/p>\n<p style=\"text-align: left;\"><span style=\"color: #ff0000;\">03:00<\/span> Arranque acelerado del <strong>Leverkusen<\/strong>.<\/p>\n<p style=\"text-align: left;\"><span style=\"color: #ff0000;\">00:00<\/span> \u00a1Arranca el partido!<\/p>\n<p style=\"text-align: left;\"><span style=\"color: #ff0000;\">00:00<\/span> Ustedes que opinan, <em>cracks<\/em>. \u00bf<strong>Chicharito<\/strong> le marca este s\u00e1bado al <strong>Bayern Munich<\/strong>?<\/p>\n<p style=\"text-align: left;\"><span style=\"color: #ff0000;\">00:00<\/span> Los dos equipos saltan a la cancha.<\/p>\n<p style=\"text-align: left;\"><span style=\"color: #ff0000;\">00:00<\/span>\u00a0En poco menos de 10 minutos arranca el partido.<\/p>\n<p style=\"text-align: center;\"><strong><span style=\"color: #3366ff;\"><a style=\"color: #3366ff;\" href=\"http:\/\/futboltotal.com.mx\/2016\/02\/guardiola-hablo-sobre-chicharito-previo-al-duelo-del-sabado\/\">LEER M\u00c1S: Guardiola y su extra\u00f1o elogio a Chicharito<\/a><\/span><\/strong><\/p>\n<p style=\"text-align: center;\"><span style=\"color: #3366ff;\"><strong><a style=\"color: #3366ff;\" href=\"http:\/\/futboltotal.com.mx\/2016\/02\/chicharito-incrementa-internacionalizacion-del-bayer-leverkusen\/\">LEER M\u00c1S: hicharito potencializa al Bayer Leverkusen<\/a><\/strong><\/span><\/p>\n<p><span style=\"color: #ff0000;\">00:00<\/span>\u00a0Alineaci\u00f3n <strong>Bayern Munich<\/strong>: Manuel Neuer, Philipp Lahm, Holger Badstuber, Joshua Kimmich, David Alaba, Xavi\u00a0Alonso, Kingsley\u00a0Coman, Arturo Vidal, Douglas Costa, Arjen Robben y\u00a0Robert Lewandowski.<\/p>\n<p><span style=\"color: #ff0000;\">00:00<\/span> Alineaci\u00f3n <strong>Bayer Leverkusen<\/strong>: Bernd Leno, Wendell Nascimento, \u00d6mer Toprak, Jonathan Tah, Tin Jedvaj, Kevin Kampl, Christoph Kramer, Hakan Calhanoglu, Karim Bellarabi, Stefan\u00a0Kiessling y <strong>Chicharito Hern\u00e1ndez<\/strong>.<\/p>\n<p>El<strong> Bayer Leverkusen<\/strong>, que cuenta con el\u00a0<strong>Chicharito Hern\u00e1ndez<\/strong> como su referente ofensivo, recibir\u00e1 este s\u00e1bado al <strong>Bayern Munich<\/strong>, dentro de la actividad de la <strong>jornada 20<\/strong> de la <strong>Bundesliga<\/strong>.<\/p>\n<blockquote class=\"twitter-tweet\" data-lang=\"es\">\n<p dir=\"ltr\" lang=\"es\">\u00a1Hoy queremos celebrar junto a ustedes! \u00a1Vamos, equipo!<br \/>\nEl partido empieza a las 11:30\u23f0??.<a href=\"https:\/\/twitter.com\/hashtag\/B04FCB?src=hash\">#B04FCB<\/a> <a href=\"https:\/\/twitter.com\/hashtag\/Bayer04SiSePuede?src=hash\">#Bayer04SiSePuede<\/a> <a href=\"https:\/\/t.co\/Nnocgm7HcI\">pic.twitter.com\/Nnocgm7HcI<\/a><\/p>\n<p>\u2014 Bayer 04 Leverkusen (@bayer04_es) <a href=\"https:\/\/twitter.com\/bayer04_es\/status\/695994334752014337\">febrero 6, 2016<\/a><\/p><\/blockquote>\n<p><script src=\"\/\/platform.twitter.com\/widgets.js\" async=\"\" charset=\"utf-8\"><\/script><\/p>\n<p>El\u00a0<em>BayArena<\/em> albergar\u00e1 el cotejo que arrancar\u00e1 en punto de las 11:30 horas (TCM), ah\u00ed las <em>Aspirinas<\/em> sue\u00f1an con vencer al superl\u00edder y con ello acortar distancia de la cima. Pese a la relevancia del delantero mexicano, el t\u00e9cnico de los <em>B\u00e1varos<\/em>, Pep Guardiola, advirti\u00f3 que se deben cuidar de todo el plantel, no s\u00f3lo de <em>CH7<\/em>.<\/p>\n<p>&#8220;Ellos\u00a0son m\u00e1s que s\u00f3lo <strong>Chicharito<\/strong> y que Kiessling. Estaremos enfrent\u00e1ndonos a uno de los mejores equipos de Alemania. Si el <strong>Leverkusen<\/strong> manda balones al \u00e1rea estaremos en problemas, porque entonces todos tendremos que pelear contra Kiessling&#8221;, advirti\u00f3 el estratega espa\u00f1ol.<\/p>\n<p>Por su parte, <strong>Bayern Munich<\/strong> llega como amplio favorito pues en la temporada \u00fanicamente suma un empate y un rev\u00e9s, situaci\u00f3n que lo pone como solitario candidato al t\u00edtulo de la Bundesliga. Adem\u00e1s de contar con Robert Lewandowski y Thomas M\u00fcller que lucen en los primeros puestos de la tabla de goleo.<\/p>\n<p>Una de las principales atracciones es saber si Hern\u00e1ndez Balc\u00e1zar podr\u00e1 vencer al portero Manuel Neuer.<\/p>\n<p>\u00bfCu\u00e1l es tu pron\u00f3stico para el <strong>Leverkusen vs. Bayern Munich<\/strong>, <em>crack<\/em>?<\/p>\n","protected":false},"excerpt":{"rendered":"<p>Chicharito no pudo ampliar su cuota goleadora en la Bundesliga<\/p>\n","protected":false},"author":20,"featured_media":355016,"comment_status":"closed","ping_status":"closed","sticky":false,"template":"","format":"standard","meta":[],"categories":[3839,6718],"tags":[4335,2056,120],"_links":{"self":[{"href":"http:\/\/desarrollo.grupomedios.com\/futbol\/wp-json\/wp\/v2\/posts\/354765"}],"collection":[{"href":"http:\/\/desarrollo.grupomedios.com\/futbol\/wp-json\/wp\/v2\/posts"}],"about":[{"href":"http:\/\/desarrollo.grupomedios.com\/futbol\/wp-json\/wp\/v2\/types\/post"}],"author":[{"embeddable":true,"href":"http:\/\/desarrollo.grupomedios.com\/futbol\/wp-json\/wp\/v2\/users\/20"}],"replies":[{"embeddable":true,"href":"http:\/\/desarrollo.grupomedios.com\/futbol\/wp-json\/wp\/v2\/comments?post=354765"}],"version-history":[{"count":0,"href":"http:\/\/desarrollo.grupomedios.com\/futbol\/wp-json\/wp\/v2\/posts\/354765\/revisions"}],"wp:featuredmedia":[{"embeddable":true,"href":"http:\/\/desarrollo.grupomedios.com\/futbol\/wp-json\/wp\/v2\/media\/355016"}],"wp:attachment":[{"href":"http:\/\/desarrollo.grupomedios.com\/futbol\/wp-json\/wp\/v2\/media?parent=354765"}],"wp:term":[{"taxonomy":"category","embeddable":true,"href":"http:\/\/desarrollo.grupomedios.com\/futbol\/wp-json\/wp\/v2\/categories?post=354765"},{"taxonomy":"post_tag","embeddable":true,"href":"http:\/\/desarrollo.grupomedios.com\/futbol\/wp-json\/wp\/v2\/tags?post=354765"}],"curies":[{"name":"wp","href":"https:\/\/api.w.org\/{rel}","templated":true}]}}