{"id":354804,"date":"2016-02-05T19:04:17","date_gmt":"2016-02-06T01:04:17","guid":{"rendered":"http:\/\/futboltotal.com.mx\/?p=354804"},"modified":"2016-02-05T19:04:17","modified_gmt":"2016-02-06T01:04:17","slug":"cuerpo-tecnico-del-tri-presente-en-la-jornada-5","status":"publish","type":"post","link":"http:\/\/desarrollo.grupomedios.com\/futbol\/futbol-mexicano\/cuerpo-tecnico-del-tri-presente-en-la-jornada-5\/2016\/02","title":{"rendered":"Cuerpo t\u00e9cnico del Tri, presente en la jornada 5"},"content":{"rendered":"<p>Durante la <strong>jornada 5<\/strong> del Clausura 2016, el cuerpo t\u00e9cnico de las distintas categor\u00edas de la <a href=\"http:\/\/futboltotal.com.mx\/futbol-mexicano\/seleccion-mexicana\/\" target=\"_blank\"><strong>Selecci\u00f3n Mexicana<\/strong><\/a>, estar\u00e1 presente en los estadios donde compitan los equipos de la <a href=\"http:\/\/futboltotal.com.mx\/futbol-mexicano\/\" target=\"_blank\"><strong>Liga MX<\/strong><\/a>, para dar seguimiento a jugadores con potencial para ser convocados para cualquiera de los compromisos que el <em>Tri<\/em> afrontar\u00e1 en este 2016.<\/p>\n<p>As\u00ed se distribuir\u00e1 el cuerpo t\u00e9cnico de la <strong>Selecci\u00f3n Mexicana<\/strong>, en los juegos de <strong>Liga MX<\/strong>, tanto de la primera divisi\u00f3n, como de los torneos Sub-20, Sub-17 y Sub-15.<\/p>\n<p><span style=\"color: #ff0000;\">Liga MX<\/span><\/p>\n<p><strong>Viernes, 5 de febrero, 2016<\/strong><\/p>\n<p>Jaguares Vs Tigres | 21:00 hrs. | Estadio: Cuauht\u00e9moc | Asiste: Vicente Espadas<\/p>\n<p><strong>S\u00e1bado 6 de febrero, 2016<\/strong><\/p>\n<p>Am\u00e9rica Vs Santos | 17:00 hrs. | Estadio: Azteca | Asisten: Juan Carlos Osorio, Luis Pompilio P\u00e1ez, Humberto Sierra, Jorge R\u00edos, Mario Mar\u00edn, Marco S\u00e1nchez Yacuta y Jos\u00e9 Rosario Pi\u00f1a.<\/p>\n<p>Monterrey Vs Dorados | 19:00 hrs. | Estadio: BBVA Bancomer | Asiste: Ra\u00fal Guti\u00e9rrez<\/p>\n<p>Leon Vs Morelia | 20:00 hrs. | Estadio: Nou Camp | Asiste: Juan Ram\u00edrez Perales<\/p>\n<p><strong>Domingo 7 de febrero, 2016<\/strong><\/p>\n<p>UNAM Vs Pachuca | 12:00 hrs. | Estadio: Ol\u00edmpico Universitaria | Asisten: Juan Carlos Osorio, Humberto Sierra, Marco S\u00e1nchez Yacuta y Jos\u00e9 Rosario Pi\u00f1a.<\/p>\n<p><span style=\"color: #ff0000;\">LIGA MX Sub-20<\/span><\/p>\n<p><strong>Viernes, 5 de febrero, 2016<\/strong><\/p>\n<p>Quer\u00e9taro Vs Veracruz | 12:00 hrs. | Estadio: La Corregidora | Asiste: Arturo Garc\u00eda<\/p>\n<p><strong>S\u00e1bado 6 de febrero, 2016<\/strong><\/p>\n<p>Am\u00e9rica Vs Santos | 11:00 hrs. | Estadio: Coapa | Asiste: Jos\u00e9 Cruz<\/p>\n<p>Le\u00f3n Vs Monarcas | 11:30 hrs. | Estadio: Casa Club Le\u00f3n | Asiste: Salvador Gamero<\/p>\n<p>Monterrey Vs Dorados | 16:00 hrs. | Estadio: El Barrial | Asiste: Marco Antonio Ruiz<\/p>\n<p><strong>Domingo 7 de febrero, 2016<\/strong><\/p>\n<p>Pumas Vs Pachuca | 09:00 hrs. | Estadio: La Cantera | Asiste: Fernando Pi\u00f1a<\/p>\n<p><span style=\"color: #ff0000;\">LIGA BBVA Bancomer MX Sub-17<\/span><\/p>\n<p><strong>Viernes, 5 de febrero, 2016<\/strong><\/p>\n<p>Quer\u00e9taro Vs Veracruz | 09:30 hrs. | Estadio: Centro Gallo de Alto Rendimiento | Asiste: Arturo Garc\u00eda<\/p>\n<p><strong>S\u00e1bado 6 de febrero, 2016<\/strong><\/p>\n<p>Am\u00e9rica Vs Santos | 09:00 hrs. | Estadio: Coapa | Asiste: Jos\u00e9 Cruz<\/p>\n<p>Le\u00f3n Vs Monarcas | 09:00 hrs. | Estadio: Casa Club Le\u00f3n | Asiste: Salvador Gamero<\/p>\n<p>Monterrey Vs Dorados | 11:30 hrs. | Estadio: El Cerrito | Asiste: Marco Antonio Ruiz<\/p>\n<p>Guadalajara Vs Toluca | 11:30 hrs. | Estadio: Verde Valle | Asiste: Mario Arteaga<\/p>\n<p><strong>Domingo 7 de febrero, 2016<\/strong><\/p>\n<p>Pumas Vs Pachuca | 09:00 hrs. | Estadio: La Cantera | Asiste: Miguel L\u00f3pez<\/p>\n<p><span style=\"color: #ff0000;\">LIGA BBVA Bancomer MX Sub-15<\/span><\/p>\n<p><strong>S\u00e1bado 6 de febrero, 2016<\/strong><\/p>\n<p>Atlas Vs Guadalajara | 09:00 hrs. | Estadio: Atlas Chapalita | Asiste: Mario Arteaga<\/p>\n<p>Le\u00f3n Vs Dorados| 11:00 hrs. | Estadio: Casa Club Le\u00f3n | Asiste: Salvador Gamero<\/p>\n","protected":false},"excerpt":{"rendered":"<p>Nuevamente, Osorio y compa\u00f1\u00eda har\u00e1n visor\u00edas en la Liga MX<\/p>\n","protected":false},"author":20,"featured_media":354816,"comment_status":"closed","ping_status":"closed","sticky":false,"template":"","format":"standard","meta":[],"categories":[2198,3845,3847],"tags":[2645,64,142],"_links":{"self":[{"href":"http:\/\/desarrollo.grupomedios.com\/futbol\/wp-json\/wp\/v2\/posts\/354804"}],"collection":[{"href":"http:\/\/desarrollo.grupomedios.com\/futbol\/wp-json\/wp\/v2\/posts"}],"about":[{"href":"http:\/\/desarrollo.grupomedios.com\/futbol\/wp-json\/wp\/v2\/types\/post"}],"author":[{"embeddable":true,"href":"http:\/\/desarrollo.grupomedios.com\/futbol\/wp-json\/wp\/v2\/users\/20"}],"replies":[{"embeddable":true,"href":"http:\/\/desarrollo.grupomedios.com\/futbol\/wp-json\/wp\/v2\/comments?post=354804"}],"version-history":[{"count":0,"href":"http:\/\/desarrollo.grupomedios.com\/futbol\/wp-json\/wp\/v2\/posts\/354804\/revisions"}],"wp:featuredmedia":[{"embeddable":true,"href":"http:\/\/desarrollo.grupomedios.com\/futbol\/wp-json\/wp\/v2\/media\/354816"}],"wp:attachment":[{"href":"http:\/\/desarrollo.grupomedios.com\/futbol\/wp-json\/wp\/v2\/media?parent=354804"}],"wp:term":[{"taxonomy":"category","embeddable":true,"href":"http:\/\/desarrollo.grupomedios.com\/futbol\/wp-json\/wp\/v2\/categories?post=354804"},{"taxonomy":"post_tag","embeddable":true,"href":"http:\/\/desarrollo.grupomedios.com\/futbol\/wp-json\/wp\/v2\/tags?post=354804"}],"curies":[{"name":"wp","href":"https:\/\/api.w.org\/{rel}","templated":true}]}}