{"id":354972,"date":"2016-02-06T08:57:48","date_gmt":"2016-02-06T14:57:48","guid":{"rendered":"http:\/\/futboltotal.com.mx\/?p=354972"},"modified":"2016-02-06T09:01:22","modified_gmt":"2016-02-06T15:01:22","slug":"andrade-respalda-cese-de-reinoso","status":"publish","type":"post","link":"http:\/\/desarrollo.grupomedios.com\/futbol\/futbol-mexicano\/andrade-respalda-cese-de-reinoso\/2016\/02","title":{"rendered":"Andrade \u201crespalda\u201d cese de Reinoso\u2026"},"content":{"rendered":"<p>Luego de que <b>Veracruz<\/b> sum\u00f3 su segunda la derrota en el Clausura 2016, situaci\u00f3n que deja a los <i>escualos<\/i> en el <a href=\"http:\/\/futboltotal.com.mx\/estadisticas\/estadisticas-liga-mx\/\" target=\"_blank\">pen\u00faltimo lugar del torneo con solo tres puntos<\/a>, la continuidad de <b>Carlos Reinoso<\/b> en la direcci\u00f3n t\u00e9cnica de los <i>Tiburones Rojos<\/i> se torna incierta.<\/p>\n<p>&#8220;Cuando los resultados no se dan lo m\u00e1s l\u00f3gico es que los directivos comiencen a buscar gente. Esto es futbol uno siempre tiene que estar preparando para cuando vengan los malos momentos&#8221;, reconoci\u00f3 el <em>Maestro<\/em>\u00a0este viernes, tras la derrota ante Quer\u00e9taro.<\/p>\n<p style=\"text-align: center;\"><strong><a style=\"color: #3366ff;\" href=\"http:\/\/futboltotal.com.mx\/2016\/02\/resultado-liga-mx-queretaro-2-1-veracruz-2\/\">LEER M\u00c1S: Quer\u00e9taro se impone al\u00a0<em>Tibur\u00f3n<\/em><\/a><\/strong><\/p>\n<p>En ese sentido, tal parece que <strong>\u00c9dgar Andrade<\/strong>, jugador del <strong>Veracruz<\/strong>, aprobar\u00eda en cese del entrenador chileno. La suposici\u00f3n llega luego de que el mediocampista mexicano\u00a0tuvo un resbal\u00f3n en su cuenta de Twitter.<\/p>\n<blockquote class=\"twitter-tweet\" data-lang=\"es\">\n<p dir=\"ltr\" lang=\"es\">C\u00f3mo ven a <a href=\"https:\/\/twitter.com\/edgarandrade19\">@edgarandrade19<\/a> dando RT a la salida de <a href=\"https:\/\/twitter.com\/Carlos8Reinoso\">@Carlos8Reinoso<\/a> ? Me late que alguien no inicia ante el Ame. <a href=\"https:\/\/t.co\/tVM2E3AWss\">pic.twitter.com\/tVM2E3AWss<\/a><\/p>\n<p>\u2014 La Bestia (@labestiafutbol) <a href=\"https:\/\/twitter.com\/labestiafutbol\/status\/695844230766292992\">febrero 6, 2016<\/a><\/p><\/blockquote>\n<p><script src=\"\/\/platform.twitter.com\/widgets.js\" async=\"\" charset=\"utf-8\"><\/script><\/p>\n<p style=\"text-align: left;\">Posteriormente a la pol\u00e9mica acci\u00f3n, el propio <strong>\u00c9dgar Andrade<\/strong> se\u00f1al\u00f3 que se trat\u00f3 de un &#8220;error de dedo\u201d, al tiempo que mencion\u00f3 al <i>Maestro<\/i> en la aclaraci\u00f3n. Adem\u00e1s, cabe apuntar que el mediocampista fue uno de los futbolistas que al t\u00e9rmino del partido ante <i>Gallos Blancos<\/i> asegur\u00f3 que respaldaba totalmente la continuidad de <b>Carlos Reinoso<\/b> como entrenador de Veracruz.<\/p>\n<p style=\"text-align: center;\"><span style=\"color: #3366ff;\"><strong><a style=\"color: #3366ff;\" href=\"http:\/\/futboltotal.com.mx\/2016\/02\/5-refuerzos-fantasma-que-pasaron-por-la-liga-mx\/\">LEER M\u00c1S: 5 refuerzos \u201cfantasma\u201d que pasaron por la Liga MX<\/a><\/strong><\/span><\/p>\n<p>En el duelo que <strong>Veracruz<\/strong> sostuvo este viernes ante Quer\u00e9taro, <strong>\u00c9dgar Andrade<\/strong> sali\u00f3 de cambio por Hugo Cid al minuto 64. \u00bfSer\u00e1 que la \u201caccidental\u201d postura le cueste el puesto al mediocampista mexicano? Al tiempo.<\/p>\n","protected":false},"excerpt":{"rendered":"<p>El mediocampista del Veracruz tuvo un resbal\u00f3n en su cuenta de Twitter<\/p>\n","protected":false},"author":20,"featured_media":354973,"comment_status":"closed","ping_status":"closed","sticky":false,"template":"","format":"standard","meta":[],"categories":[2198,3845],"tags":[4538,6049],"_links":{"self":[{"href":"http:\/\/desarrollo.grupomedios.com\/futbol\/wp-json\/wp\/v2\/posts\/354972"}],"collection":[{"href":"http:\/\/desarrollo.grupomedios.com\/futbol\/wp-json\/wp\/v2\/posts"}],"about":[{"href":"http:\/\/desarrollo.grupomedios.com\/futbol\/wp-json\/wp\/v2\/types\/post"}],"author":[{"embeddable":true,"href":"http:\/\/desarrollo.grupomedios.com\/futbol\/wp-json\/wp\/v2\/users\/20"}],"replies":[{"embeddable":true,"href":"http:\/\/desarrollo.grupomedios.com\/futbol\/wp-json\/wp\/v2\/comments?post=354972"}],"version-history":[{"count":0,"href":"http:\/\/desarrollo.grupomedios.com\/futbol\/wp-json\/wp\/v2\/posts\/354972\/revisions"}],"wp:featuredmedia":[{"embeddable":true,"href":"http:\/\/desarrollo.grupomedios.com\/futbol\/wp-json\/wp\/v2\/media\/354973"}],"wp:attachment":[{"href":"http:\/\/desarrollo.grupomedios.com\/futbol\/wp-json\/wp\/v2\/media?parent=354972"}],"wp:term":[{"taxonomy":"category","embeddable":true,"href":"http:\/\/desarrollo.grupomedios.com\/futbol\/wp-json\/wp\/v2\/categories?post=354972"},{"taxonomy":"post_tag","embeddable":true,"href":"http:\/\/desarrollo.grupomedios.com\/futbol\/wp-json\/wp\/v2\/tags?post=354972"}],"curies":[{"name":"wp","href":"https:\/\/api.w.org\/{rel}","templated":true}]}}