{"id":354989,"date":"2016-02-06T10:41:11","date_gmt":"2016-02-06T16:41:11","guid":{"rendered":"http:\/\/futboltotal.com.mx\/?p=354989"},"modified":"2016-02-06T11:03:31","modified_gmt":"2016-02-06T17:03:31","slug":"marco-fabian-sufre-dolorosa-derrota","status":"publish","type":"post","link":"http:\/\/desarrollo.grupomedios.com\/futbol\/futbol-internacional\/marco-fabian-sufre-dolorosa-derrota\/2016\/02","title":{"rendered":"Marco Fabi\u00e1n sufre dolorosa derrota"},"content":{"rendered":"<p><b>Marco Fabi\u00e1n<\/b> fue titular este s\u00e1bado en el duelo que el <strong>Eintracht Frankfurt<\/strong> sostuvo ante el Stuttgart. El volante mexicano disput\u00f3 los 90 minutos del encuentro y se despach\u00f3 con una asistencia. Sin embargo, la buena actuaci\u00f3n del volante <i>azteca<\/i> no fue suficiente para evitar la derrota (2-4) de su escuadra, dentro de la jornada 20 de la <b>Bundesliga<\/b>.<\/p>\n<p>Con este resultado, el Eintracht vio caer una racha de tres duelos sin derrota y ya se ubica en la posici\u00f3n 14 de la justa alemana, con 21 unidades, m\u00e1s cerca de zona baja que de puestos europeos.<\/p>\n<p style=\"text-align: center;\"><span style=\"color: #3366ff;\"><strong><a style=\"color: #3366ff;\" href=\"http:\/\/futboltotal.com.mx\/2016\/01\/marco-fabian-se-mete-en-problemas\/\">LEER M\u00c1S: Marco Fabi\u00e1n tiene problemas en Alemania<\/a><\/strong><\/span><\/p>\n<p>Los visitantes se adelantaron en el marcador gracias a los goles de Gentner (27&#8242;) y Daniel Didavi (45&#8242;). En el minuto 51, Meier acort\u00f3 distancias. Sin embargo, el\u00a0Stuttgart respondi\u00f3\u00a0con dos tantos m\u00e1s. Tras un tiro de esquina, cobrado por Marco Fabi\u00e1n, al 89&#8242;, el\u00a0<strong>Eintracht Frankfurt<\/strong>\u00a0logr\u00f3 una diana m\u00e1s por conducto de Huszti.<\/p>\n<p>El pr\u00f3ximo duelo\u00a0de <strong>Bundesliga<\/strong> para las <em>\u00c1guilas<\/em> de <strong>Marco Fabi\u00e1n<\/strong> ser\u00e1 el 13 de febrero, en su visita al Colonia.<\/p>\n","protected":false},"excerpt":{"rendered":"<p>Buena actuaci\u00f3n del mexicano en la ca\u00edda del Eintracht<\/p>\n","protected":false},"author":20,"featured_media":354994,"comment_status":"closed","ping_status":"closed","sticky":false,"template":"","format":"standard","meta":[],"categories":[3839,6718,5951],"tags":[131,4545],"_links":{"self":[{"href":"http:\/\/desarrollo.grupomedios.com\/futbol\/wp-json\/wp\/v2\/posts\/354989"}],"collection":[{"href":"http:\/\/desarrollo.grupomedios.com\/futbol\/wp-json\/wp\/v2\/posts"}],"about":[{"href":"http:\/\/desarrollo.grupomedios.com\/futbol\/wp-json\/wp\/v2\/types\/post"}],"author":[{"embeddable":true,"href":"http:\/\/desarrollo.grupomedios.com\/futbol\/wp-json\/wp\/v2\/users\/20"}],"replies":[{"embeddable":true,"href":"http:\/\/desarrollo.grupomedios.com\/futbol\/wp-json\/wp\/v2\/comments?post=354989"}],"version-history":[{"count":0,"href":"http:\/\/desarrollo.grupomedios.com\/futbol\/wp-json\/wp\/v2\/posts\/354989\/revisions"}],"wp:featuredmedia":[{"embeddable":true,"href":"http:\/\/desarrollo.grupomedios.com\/futbol\/wp-json\/wp\/v2\/media\/354994"}],"wp:attachment":[{"href":"http:\/\/desarrollo.grupomedios.com\/futbol\/wp-json\/wp\/v2\/media?parent=354989"}],"wp:term":[{"taxonomy":"category","embeddable":true,"href":"http:\/\/desarrollo.grupomedios.com\/futbol\/wp-json\/wp\/v2\/categories?post=354989"},{"taxonomy":"post_tag","embeddable":true,"href":"http:\/\/desarrollo.grupomedios.com\/futbol\/wp-json\/wp\/v2\/tags?post=354989"}],"curies":[{"name":"wp","href":"https:\/\/api.w.org\/{rel}","templated":true}]}}