{"id":355348,"date":"2016-02-07T09:29:14","date_gmt":"2016-02-07T15:29:14","guid":{"rendered":"http:\/\/futboltotal.com.mx\/?p=355348"},"modified":"2016-02-08T17:08:28","modified_gmt":"2016-02-08T23:08:28","slug":"la-broma-de-gerrard-y-keane-a-giovani-dos-santos","status":"publish","type":"post","link":"http:\/\/desarrollo.grupomedios.com\/futbol\/videos\/la-broma-de-gerrard-y-keane-a-giovani-dos-santos\/2016\/02","title":{"rendered":"La broma de Gerrard y Keane a Giovani dos Santos"},"content":{"rendered":"<p>Durante una firma de aut\u00f3grafos <strong>Giovani dos Santos<\/strong> fue sorprendido por sus compa\u00f1eros Steven Gerrard y Robbie Keane que, como para de una din\u00e1mica del Galaxy de los \u00c1ngeles, irrumpieron en el evento en el que Gio era la estrella para solicitar una foto de una manera muy peculiar: apretando al delantero mexicano y gritando sin cesar \u00a1Gio, Gio, Gio!<\/p>\n<p>Asustado el 10 de los gal\u00e1cticos volte\u00f3 el cuello y fij\u00f3 la mirada en los inc\u00f3gnitos, sus amigos. No dud\u00f3 en re\u00edr y soltar uno que otro improperio <strong>Giovani dos Santos<\/strong> hacia Gerrard y sobre todo a Keane, en una broma que provoc\u00f3 un mar de risas entre los fan\u00e1ticos presentes.<\/p>\n<p><iframe loading=\"lazy\" src=\"https:\/\/www.youtube.com\/embed\/rYS3uDs84QI\" frameborder=\"0\" allowfullscreen=\"allowfullscreen\"><\/iframe><\/p>\n<p style=\"text-align: center;\"><strong><span style=\"color: #3366ff;\"><a style=\"color: #3366ff;\" href=\"http:\/\/futboltotal.com.mx\/2016\/02\/cabala-clave-en-la-victoria-de-america\/\">LEER M\u00c1S: C\u00e1bala, \u00bfclave en la victoria del Am\u00e9rica?<\/a><\/span><\/strong><\/p>\n","protected":false},"excerpt":{"rendered":"<p>Durante una firma de aut\u00f3grafos el mexicano recibi\u00f3 una tremenda sorpresa <\/p>\n","protected":false},"author":20,"featured_media":355349,"comment_status":"closed","ping_status":"closed","sticky":false,"template":"","format":"standard","meta":[],"categories":[3839,4],"tags":[5784,5982,6774,560],"_links":{"self":[{"href":"http:\/\/desarrollo.grupomedios.com\/futbol\/wp-json\/wp\/v2\/posts\/355348"}],"collection":[{"href":"http:\/\/desarrollo.grupomedios.com\/futbol\/wp-json\/wp\/v2\/posts"}],"about":[{"href":"http:\/\/desarrollo.grupomedios.com\/futbol\/wp-json\/wp\/v2\/types\/post"}],"author":[{"embeddable":true,"href":"http:\/\/desarrollo.grupomedios.com\/futbol\/wp-json\/wp\/v2\/users\/20"}],"replies":[{"embeddable":true,"href":"http:\/\/desarrollo.grupomedios.com\/futbol\/wp-json\/wp\/v2\/comments?post=355348"}],"version-history":[{"count":0,"href":"http:\/\/desarrollo.grupomedios.com\/futbol\/wp-json\/wp\/v2\/posts\/355348\/revisions"}],"wp:featuredmedia":[{"embeddable":true,"href":"http:\/\/desarrollo.grupomedios.com\/futbol\/wp-json\/wp\/v2\/media\/355349"}],"wp:attachment":[{"href":"http:\/\/desarrollo.grupomedios.com\/futbol\/wp-json\/wp\/v2\/media?parent=355348"}],"wp:term":[{"taxonomy":"category","embeddable":true,"href":"http:\/\/desarrollo.grupomedios.com\/futbol\/wp-json\/wp\/v2\/categories?post=355348"},{"taxonomy":"post_tag","embeddable":true,"href":"http:\/\/desarrollo.grupomedios.com\/futbol\/wp-json\/wp\/v2\/tags?post=355348"}],"curies":[{"name":"wp","href":"https:\/\/api.w.org\/{rel}","templated":true}]}}