{"id":355513,"date":"2016-02-07T16:25:34","date_gmt":"2016-02-07T22:25:34","guid":{"rendered":"http:\/\/futboltotal.com.mx\/?p=355513"},"modified":"2016-02-07T16:25:34","modified_gmt":"2016-02-07T22:25:34","slug":"goleo-individual-del-clausura-2016","status":"publish","type":"post","link":"http:\/\/desarrollo.grupomedios.com\/futbol\/destacado-home\/goleo-individual-del-clausura-2016\/2016\/02","title":{"rendered":"Goleo individual del Clausura 2016"},"content":{"rendered":"<p>La jornada 5 del <strong>Clausura 2016<\/strong> termin\u00f3, y en ella se dieron resultados sorprendentes, donde Atlas fue vapuleado y Chiapas sigue sin acostumbrarse al Cuauht\u00e9moc como su sede alterna, pues perdi\u00f3 la ventaja en el marcador y cay\u00f3 ante Tigres, donde <strong>Andr\u00e9-Pierre Gignac<\/strong> anot\u00f3 y se mantiene como el l\u00edder de goleo del certamen.<\/p>\n<p><strong>Andr\u00e9-Pierre Gignac<\/strong> parece quererlo todo en M\u00e9xico, pues no contento con obtener un t\u00edtulo de <a href=\"http:\/\/futboltotal.com.mx\/futbol-mexicano\/\" target=\"_blank\"><strong>Liga MX<\/strong><\/a>, ahora tambi\u00e9n buscar\u00e1 el campeonato de goleo individual, de donde ya va adelantado, pues con 5 dianas, lleva un promedio de un gol por juego. \u00bfSer\u00e1 que el franc\u00e9s terminar\u00e1 como l\u00edder anotador?<\/p>\n<p>Detr\u00e1s de <strong>Andr\u00e9-Pierre Gignac<\/strong>, se encuentra el argentino, Rogelio Funes Mori, quien marc\u00f3 en la goleada del Monterrey sobre Dorados y lleg\u00f3 a cuatro dianas, con los que sigue de cerca al franc\u00e9s, por la cima del t\u00edtulo de anotaciones del <strong>Clausura 2016<\/strong>.<\/p>\n<p style=\"text-align: center;\"><span style=\"color: #3366ff;\"><strong><a style=\"color: #3366ff;\" href=\"http:\/\/futboltotal.com.mx\/2016\/02\/morelia-toma-ventaja-sobre-chivas-y-dorados\/\" target=\"_blank\">LEER M\u00c1S: As\u00ed va el descenso tras la jornada 5 del Clausura 2016<\/a><\/strong><\/span><\/p>\n<p>Y con un gol que marc\u00f3 frente a su ex equipo, Oribe Peralta ingres\u00f3 al Top 5 de m\u00e1ximos romperredes del <strong>Clausura 2016<\/strong>, al llegar a tres anotaciones, mismas que tienen tambi\u00e9n, Carlos S\u00e1nchez, Germ\u00e1n Cano, Jorge Ben\u00edtez, Enrique Triverio y Silvio Romero, quien tambi\u00e9n anot\u00f3 en esta jornada.<\/p>\n<p>Rodolfo Pizarro se mantiene entre los 10 l\u00edderes de goleo, con dos anotaciones, misma cantidad que mantienen Rubens Sambueza, Fernando Navarro, Bryan Rabello, \u00c1lvaro Navarro, Henry Mart\u00edn, Dayro Moreno, Emanuel Villa, Orbel\u00edn Pineda, Ismael Sosa, Gonzalo Bergessio y Julio C\u00e9sar Furch, quienes se ubican, detr\u00e1s del juvenil mexicano.<\/p>\n","protected":false},"excerpt":{"rendered":"<p>Gignac lidera a los m\u00e1ximos romperredes, y un mexicano est\u00e1 en el Top 5<\/p>\n","protected":false},"author":20,"featured_media":355517,"comment_status":"closed","ping_status":"closed","sticky":false,"template":"","format":"standard","meta":[],"categories":[5,2198,3845],"tags":[6456,64],"_links":{"self":[{"href":"http:\/\/desarrollo.grupomedios.com\/futbol\/wp-json\/wp\/v2\/posts\/355513"}],"collection":[{"href":"http:\/\/desarrollo.grupomedios.com\/futbol\/wp-json\/wp\/v2\/posts"}],"about":[{"href":"http:\/\/desarrollo.grupomedios.com\/futbol\/wp-json\/wp\/v2\/types\/post"}],"author":[{"embeddable":true,"href":"http:\/\/desarrollo.grupomedios.com\/futbol\/wp-json\/wp\/v2\/users\/20"}],"replies":[{"embeddable":true,"href":"http:\/\/desarrollo.grupomedios.com\/futbol\/wp-json\/wp\/v2\/comments?post=355513"}],"version-history":[{"count":0,"href":"http:\/\/desarrollo.grupomedios.com\/futbol\/wp-json\/wp\/v2\/posts\/355513\/revisions"}],"wp:featuredmedia":[{"embeddable":true,"href":"http:\/\/desarrollo.grupomedios.com\/futbol\/wp-json\/wp\/v2\/media\/355517"}],"wp:attachment":[{"href":"http:\/\/desarrollo.grupomedios.com\/futbol\/wp-json\/wp\/v2\/media?parent=355513"}],"wp:term":[{"taxonomy":"category","embeddable":true,"href":"http:\/\/desarrollo.grupomedios.com\/futbol\/wp-json\/wp\/v2\/categories?post=355513"},{"taxonomy":"post_tag","embeddable":true,"href":"http:\/\/desarrollo.grupomedios.com\/futbol\/wp-json\/wp\/v2\/tags?post=355513"}],"curies":[{"name":"wp","href":"https:\/\/api.w.org\/{rel}","templated":true}]}}