{"id":355612,"date":"2016-02-08T10:27:16","date_gmt":"2016-02-08T16:27:16","guid":{"rendered":"http:\/\/futboltotal.com.mx\/?p=355612"},"modified":"2016-02-08T15:59:19","modified_gmt":"2016-02-08T21:59:19","slug":"paulo-dybala-podria-ir-al-bayern-munich","status":"publish","type":"post","link":"http:\/\/desarrollo.grupomedios.com\/futbol\/futbol-internacional\/paulo-dybala-podria-ir-al-bayern-munich\/2016\/02","title":{"rendered":"Paulo Dybala, \u00bfsustituto de Lewandowski?"},"content":{"rendered":"<p>El delantero argentino <strong>Paulo Dybala<\/strong> ha tenido una gran temporada con la Juventus de Tur\u00edn. Despu\u00e9s de 24 jornadas es el l\u00edder goleador del equipo con 13 anotaciones y est\u00e1 solo detr\u00e1s de su connacional Gonzalo Higua\u00edn. Y puede que no dure mucho en la Serie A. El Bayern M\u00fanich quiere ficharlo.<\/p>\n<p>Desde que<strong> Lionel Messi<\/strong> lanzara esa frase hace unas semanas en la que admiti\u00f3 que &#8220;Dybala es uno de los nuestros&#8221;, la prensa internacional habla de su posible marcha en el verano. En Espa\u00f1alo colacan\u00a0 como uno de los futuros goleadores del Barcelona -tiene 22 a\u00f1os, dos menos que Neymar-, mientras en Alemania lo vaticinan como el reemplazo de Robert Lewandowski.<\/p>\n<p>Al Bayern M\u00fanich llegara un entrenador nuevo la presente temporada para relevar a Pep Guardiola y sea quien sea &#8211; por ahora el que gana m\u00e1s bonos es Carlo Ancelotti-, son los altos mandos del club los que contemplan a Dybala como futurible jugador del cuadro muniqu\u00e9s. &#8220;Dybala gusta al directivo Karl-Heiz Rummenigge y puede ser uno los nuevo invitados&#8221;, cita el diario <em>Kicker <\/em>este lunes.<\/p>\n<p>Dybala cambi\u00f3 de equipo en el verano pasado despu\u00e9s de que la Juventus pag\u00f3 una cifra superior a los 32 millones de euros. Por ahora ha cumplido con el rol de goleador tras la marcha de Carlos T\u00e9vez y la poca p\u00f3lvora de \u00c1lvaro Morata. Solo podr\u00eda llegar al Bayern en caso de que Lewandowski partiera al Real Madrid en verano.<\/p>\n<p style=\"text-align: center;\"><span style=\"color: #3366ff;\"><strong><a style=\"color: #3366ff;\" href=\"http:\/\/futboltotal.com.mx\/futbol-internacional\/\">LEER M\u00c1S: Todas las noticias de futbol internacional<\/a><\/strong><\/span><\/p>\n","protected":false},"excerpt":{"rendered":"<p>El delantero argentino de 22 a\u00f1os podr\u00eda aterrizar en la Bundesliga <\/p>\n","protected":false},"author":20,"featured_media":355618,"comment_status":"closed","ping_status":"closed","sticky":false,"template":"","format":"standard","meta":[],"categories":[3839,3848,5951],"tags":[2056,6669],"_links":{"self":[{"href":"http:\/\/desarrollo.grupomedios.com\/futbol\/wp-json\/wp\/v2\/posts\/355612"}],"collection":[{"href":"http:\/\/desarrollo.grupomedios.com\/futbol\/wp-json\/wp\/v2\/posts"}],"about":[{"href":"http:\/\/desarrollo.grupomedios.com\/futbol\/wp-json\/wp\/v2\/types\/post"}],"author":[{"embeddable":true,"href":"http:\/\/desarrollo.grupomedios.com\/futbol\/wp-json\/wp\/v2\/users\/20"}],"replies":[{"embeddable":true,"href":"http:\/\/desarrollo.grupomedios.com\/futbol\/wp-json\/wp\/v2\/comments?post=355612"}],"version-history":[{"count":0,"href":"http:\/\/desarrollo.grupomedios.com\/futbol\/wp-json\/wp\/v2\/posts\/355612\/revisions"}],"wp:featuredmedia":[{"embeddable":true,"href":"http:\/\/desarrollo.grupomedios.com\/futbol\/wp-json\/wp\/v2\/media\/355618"}],"wp:attachment":[{"href":"http:\/\/desarrollo.grupomedios.com\/futbol\/wp-json\/wp\/v2\/media?parent=355612"}],"wp:term":[{"taxonomy":"category","embeddable":true,"href":"http:\/\/desarrollo.grupomedios.com\/futbol\/wp-json\/wp\/v2\/categories?post=355612"},{"taxonomy":"post_tag","embeddable":true,"href":"http:\/\/desarrollo.grupomedios.com\/futbol\/wp-json\/wp\/v2\/tags?post=355612"}],"curies":[{"name":"wp","href":"https:\/\/api.w.org\/{rel}","templated":true}]}}