{"id":355703,"date":"2016-02-08T16:17:23","date_gmt":"2016-02-08T22:17:23","guid":{"rendered":"http:\/\/futboltotal.com.mx\/?p=355703"},"modified":"2016-02-08T16:19:47","modified_gmt":"2016-02-08T22:19:47","slug":"marco-fabian-copa-portada-de-revista-del-frankfurt","status":"publish","type":"post","link":"http:\/\/desarrollo.grupomedios.com\/futbol\/futbol-internacional\/marco-fabian-copa-portada-de-revista-del-frankfurt\/2016\/02","title":{"rendered":"Marco Fabi\u00e1n copa portada de revista del Frankfurt"},"content":{"rendered":"<p>El <strong>Eintracht Frankfurt<\/strong> dio la sorpresa para todos los seguidores del club y en la portada de su revista mensual coloca al mexicano <strong>Marco Fabi\u00e1n<\/strong>, la gran contrataci\u00f3n del equipo durante el pasado mercado invernal.<\/p>\n<p>Tal y como hizo en su momento el Bayer Leverkusen con Javier Chicharito Hern\u00e1ndez, el conjunto dirigido por Armin Veh dedica parte de su edici\u00f3n para presentar a Marco Fabi\u00e1n, quien desde que lleg\u00f3 al club ha disputado tres partidos y dado un par de asistencias.<\/p>\n<p>Despu\u00e9s de haber sido goleados por el Stuttgart el pasado fin de semana, el Eintracht y Fabi\u00e1n tendr\u00e1n una semana de ajetreo en la que prepararan el duelo ante el K\u00f6ln, correspondiente a la jornada 21 de la Bundesliga.<\/p>\n<blockquote class=\"twitter-tweet\" data-lang=\"es\">\n<p dir=\"ltr\" lang=\"es\"><a href=\"https:\/\/twitter.com\/MarcoFabian_10\">@MarcoFabian_10<\/a> en portada de la ultima revista del <a href=\"https:\/\/twitter.com\/hashtag\/Eintracht?src=hash\">#Eintracht<\/a>!<a href=\"https:\/\/twitter.com\/hashtag\/SGE?src=hash\">#SGE<\/a> <a href=\"https:\/\/t.co\/NgmOsHq4Qf\">pic.twitter.com\/NgmOsHq4Qf<\/a><\/p>\n<p>\u2014 eintracht_esp (@eintracht_esp) <a href=\"https:\/\/twitter.com\/eintracht_esp\/status\/696681419314229248\">febrero 8, 2016<\/a><\/p><\/blockquote>\n<p><script src=\"\/\/platform.twitter.com\/widgets.js\" async=\"\" charset=\"utf-8\"><\/script><\/p>\n","protected":false},"excerpt":{"rendered":"<p>El mexicano es la figura en la edici\u00f3n mensual de febrero <\/p>\n","protected":false},"author":20,"featured_media":355710,"comment_status":"closed","ping_status":"closed","sticky":false,"template":"","format":"standard","meta":[],"categories":[3839,6718,5951],"tags":[3588,131],"_links":{"self":[{"href":"http:\/\/desarrollo.grupomedios.com\/futbol\/wp-json\/wp\/v2\/posts\/355703"}],"collection":[{"href":"http:\/\/desarrollo.grupomedios.com\/futbol\/wp-json\/wp\/v2\/posts"}],"about":[{"href":"http:\/\/desarrollo.grupomedios.com\/futbol\/wp-json\/wp\/v2\/types\/post"}],"author":[{"embeddable":true,"href":"http:\/\/desarrollo.grupomedios.com\/futbol\/wp-json\/wp\/v2\/users\/20"}],"replies":[{"embeddable":true,"href":"http:\/\/desarrollo.grupomedios.com\/futbol\/wp-json\/wp\/v2\/comments?post=355703"}],"version-history":[{"count":0,"href":"http:\/\/desarrollo.grupomedios.com\/futbol\/wp-json\/wp\/v2\/posts\/355703\/revisions"}],"wp:featuredmedia":[{"embeddable":true,"href":"http:\/\/desarrollo.grupomedios.com\/futbol\/wp-json\/wp\/v2\/media\/355710"}],"wp:attachment":[{"href":"http:\/\/desarrollo.grupomedios.com\/futbol\/wp-json\/wp\/v2\/media?parent=355703"}],"wp:term":[{"taxonomy":"category","embeddable":true,"href":"http:\/\/desarrollo.grupomedios.com\/futbol\/wp-json\/wp\/v2\/categories?post=355703"},{"taxonomy":"post_tag","embeddable":true,"href":"http:\/\/desarrollo.grupomedios.com\/futbol\/wp-json\/wp\/v2\/tags?post=355703"}],"curies":[{"name":"wp","href":"https:\/\/api.w.org\/{rel}","templated":true}]}}