{"id":355746,"date":"2016-02-08T19:29:04","date_gmt":"2016-02-09T01:29:04","guid":{"rendered":"http:\/\/futboltotal.com.mx\/?p=355746"},"modified":"2016-02-08T19:32:57","modified_gmt":"2016-02-09T01:32:57","slug":"jorge-campos-volvera-a-jugar-para-celebrar-a-stoichkov","status":"publish","type":"post","link":"http:\/\/desarrollo.grupomedios.com\/futbol\/futbol-internacional\/jorge-campos-volvera-a-jugar-para-celebrar-a-stoichkov\/2016\/02","title":{"rendered":"Jorge Campos volver\u00e1 a jugar, para celebrar a Stoichkov"},"content":{"rendered":"<p>El ex futbolista b\u00falgaro, <strong>Hristo Stoichkov<\/strong>, cumpli\u00f3 50 a\u00f1os este lunes 8 de febrero, y para celebrarlos, anunci\u00f3 que reunir\u00e1 a varios ex futbolistas de talla internacional de su \u00e9poca, para jugar un partido en Bulgaria.<\/p>\n<p><strong>Hristo Stoichkov<\/strong>, quien ahora funge como comentarista deportivo en <em>Univisi\u00f3n<\/em>, declar\u00f3 que <strong>Jorge Campos<\/strong>, Diego Maradona, Carlos Valderrama, Roberto Baggio, Lothar Matthaus, entre otras ex estrellas profesionales, lo acompa\u00f1aran en un duelo de antolog\u00eda.<\/p>\n<p>El juego que tiene programado <strong>Hristo Stoichkov<\/strong> para mayo, lo tiene sumamente entusiasmado, pues representa un encuentro de consagraci\u00f3n, a sus 50 a\u00f1os de vida.<\/p>\n<p>&#8220;Es mi mayor sue\u00f1o, reunir en un lugar a los futbolistas m\u00e1s famosos con los que he jugado en mi vida y jugar de nuevo con ellos y contra ellos&#8221;, explic\u00f3 <strong>Hristo Stoichkov<\/strong> al diario <em>Trud<\/em>.<\/p>\n<p>El evento que reunir\u00e1 a <strong>Jorge Campos<\/strong>, Diego Maradona, Carlos Valderrama, Roberto Baggio, Lothar Matthaus y <strong>Hristo Stoichkov<\/strong> nuevamente en un terreno de juego, se realizar\u00e1 en Sofia, la capital de Bulgaria.<\/p>\n<p><span style=\"color: #ff0000;\">VIDEO: Jersey de leyenda | PSG<\/span><\/p>\n<p>[video_player]https:\/\/player.vimeo.com\/external\/151435810.hd.mp4?s=ac15a59cfef77f48f69ccb76346d8324348ad2c0&amp;amp;profile_id=113[\/video_player]<\/p>\n","protected":false},"excerpt":{"rendered":"<p>El b\u00falgaro reunir\u00e1 a Maradona, Valderrama y a otras ex figuras mundiales <\/p>\n","protected":false},"author":20,"featured_media":355750,"comment_status":"closed","ping_status":"closed","sticky":false,"template":"","format":"standard","meta":[],"categories":[5419,3839,5951],"tags":[5460,2053],"_links":{"self":[{"href":"http:\/\/desarrollo.grupomedios.com\/futbol\/wp-json\/wp\/v2\/posts\/355746"}],"collection":[{"href":"http:\/\/desarrollo.grupomedios.com\/futbol\/wp-json\/wp\/v2\/posts"}],"about":[{"href":"http:\/\/desarrollo.grupomedios.com\/futbol\/wp-json\/wp\/v2\/types\/post"}],"author":[{"embeddable":true,"href":"http:\/\/desarrollo.grupomedios.com\/futbol\/wp-json\/wp\/v2\/users\/20"}],"replies":[{"embeddable":true,"href":"http:\/\/desarrollo.grupomedios.com\/futbol\/wp-json\/wp\/v2\/comments?post=355746"}],"version-history":[{"count":0,"href":"http:\/\/desarrollo.grupomedios.com\/futbol\/wp-json\/wp\/v2\/posts\/355746\/revisions"}],"wp:featuredmedia":[{"embeddable":true,"href":"http:\/\/desarrollo.grupomedios.com\/futbol\/wp-json\/wp\/v2\/media\/355750"}],"wp:attachment":[{"href":"http:\/\/desarrollo.grupomedios.com\/futbol\/wp-json\/wp\/v2\/media?parent=355746"}],"wp:term":[{"taxonomy":"category","embeddable":true,"href":"http:\/\/desarrollo.grupomedios.com\/futbol\/wp-json\/wp\/v2\/categories?post=355746"},{"taxonomy":"post_tag","embeddable":true,"href":"http:\/\/desarrollo.grupomedios.com\/futbol\/wp-json\/wp\/v2\/tags?post=355746"}],"curies":[{"name":"wp","href":"https:\/\/api.w.org\/{rel}","templated":true}]}}