{"id":355858,"date":"2016-02-09T10:20:53","date_gmt":"2016-02-09T16:20:53","guid":{"rendered":"http:\/\/futboltotal.com.mx\/?p=355858"},"modified":"2016-02-09T11:33:37","modified_gmt":"2016-02-09T17:33:37","slug":"busquets-con-mensaje-angustiante-para-el-barcelona","status":"publish","type":"post","link":"http:\/\/desarrollo.grupomedios.com\/futbol\/futbol-internacional\/busquets-con-mensaje-angustiante-para-el-barcelona\/2016\/02","title":{"rendered":"Busquets, con mensaje angustiante para el Barcelona"},"content":{"rendered":"<p><strong>Pep Guardiola<\/strong> es un t\u00e9cnico con una filosof\u00eda que enamora, en especial a los canteranos a los que dio cabida en el primer equipo tras un largo periodo en La Masia, entre ellos,<strong> Sergio Busquets<\/strong>, futbolista de gran talento y preferido del t\u00e9cnico catal\u00e1n que, a \u00faltimas horas, dej\u00f3 en el aire un mensaje angustiante para el <strong>Barcelona<\/strong>.<\/p>\n<p>Sergio, campe\u00f3n del mundo con Espa\u00f1a, se\u00f1al\u00f3 que se siente pleno en la entidad azulgrana aunque abri\u00f3 la puerta a un posible cambio, mismo que podr\u00eda darse en este mismo verano, siempre y cuando la propuesta se la hagan dos personas, las \u00fanicas que pueden hacerlo mutar en sus decisiones:\u00a0\u00a0su mujer y <strong>Pep Guardiola<\/strong>.<\/p>\n<p>En una entrevista concedida para\u00a0<em>ESPN<\/em>, <strong>Busquets<\/strong> explic\u00f3: \u201csiempre he dicho que solo hay dos personas que me puedan cambiar la decisi\u00f3n de estar aqu\u00ed en Barcelona. Una es mi mujer, y a d\u00eda de hoy es de aqu\u00ed y es del Bar\u00e7a, por lo que no creo que haya problema a nivel personal&#8221;.<\/p>\n<p>Hasta aqu\u00ed todo normal para el aficionado cul\u00e9, aunque, existe otro que tiene las intenciones de apropi\u00e1rselo y no es otro que Pep Guardiola, quien le dio su primer oportunidad en el equipo del <em>sextete<\/em>.<\/p>\n<p>&#8220;A nivel deportivo, la otra persona ser\u00eda Guardiola, est\u00e1 claro que le debo mucho y para m\u00ed trabajar con \u00e9l ser\u00eda un honor&#8221;. Claro, que a continuaci\u00f3n lleg\u00f3 la pausa por parte del futbolista.\u00a0&#8220;Pero \u00e9l (Guardiola) sabe que mi club es este (el Bar\u00e7a) y su club tambi\u00e9n es \u00e9ste y que lo mejor para m\u00ed y para el club es que est\u00e9 aqu\u00ed y no creo que me lo vaya a pedir\u201d.<\/p>\n<p style=\"text-align: center;\"><span style=\"color: #3366ff;\"><strong><a style=\"color: #3366ff;\" href=\"http:\/\/futboltotal.com.mx\/2016\/02\/messi-al-hospital-por-problemas-renales\/\">LEER M\u00c1S: Messi, al hospital por problemas renales.<\/a><\/strong><\/span><\/p>\n","protected":false},"excerpt":{"rendered":"<p>El talentoso centrocampista abre la posibilidad para cambiar de equipo en verano <\/p>\n","protected":false},"author":20,"featured_media":355880,"comment_status":"closed","ping_status":"closed","sticky":false,"template":"","format":"standard","meta":[],"categories":[3839,3844,5951],"tags":[5984,1791,6031],"_links":{"self":[{"href":"http:\/\/desarrollo.grupomedios.com\/futbol\/wp-json\/wp\/v2\/posts\/355858"}],"collection":[{"href":"http:\/\/desarrollo.grupomedios.com\/futbol\/wp-json\/wp\/v2\/posts"}],"about":[{"href":"http:\/\/desarrollo.grupomedios.com\/futbol\/wp-json\/wp\/v2\/types\/post"}],"author":[{"embeddable":true,"href":"http:\/\/desarrollo.grupomedios.com\/futbol\/wp-json\/wp\/v2\/users\/20"}],"replies":[{"embeddable":true,"href":"http:\/\/desarrollo.grupomedios.com\/futbol\/wp-json\/wp\/v2\/comments?post=355858"}],"version-history":[{"count":0,"href":"http:\/\/desarrollo.grupomedios.com\/futbol\/wp-json\/wp\/v2\/posts\/355858\/revisions"}],"wp:featuredmedia":[{"embeddable":true,"href":"http:\/\/desarrollo.grupomedios.com\/futbol\/wp-json\/wp\/v2\/media\/355880"}],"wp:attachment":[{"href":"http:\/\/desarrollo.grupomedios.com\/futbol\/wp-json\/wp\/v2\/media?parent=355858"}],"wp:term":[{"taxonomy":"category","embeddable":true,"href":"http:\/\/desarrollo.grupomedios.com\/futbol\/wp-json\/wp\/v2\/categories?post=355858"},{"taxonomy":"post_tag","embeddable":true,"href":"http:\/\/desarrollo.grupomedios.com\/futbol\/wp-json\/wp\/v2\/tags?post=355858"}],"curies":[{"name":"wp","href":"https:\/\/api.w.org\/{rel}","templated":true}]}}