{"id":356012,"date":"2016-02-09T16:51:50","date_gmt":"2016-02-09T22:51:50","guid":{"rendered":"http:\/\/futboltotal.com.mx\/?p=356012"},"modified":"2016-02-09T16:52:39","modified_gmt":"2016-02-09T22:52:39","slug":"el-penalti-fallado-de-xavi-que-da-la-vuelta-al-mundo","status":"publish","type":"post","link":"http:\/\/desarrollo.grupomedios.com\/futbol\/videos\/el-penalti-fallado-de-xavi-que-da-la-vuelta-al-mundo\/2016\/02","title":{"rendered":"El penalti fallado de Xavi que da la vuelta al mundo"},"content":{"rendered":"<p><strong>Xavi Hern\u00e1ndez<\/strong> hizo el oso de su vida este martes en la Chammpions League de Asia, luego de que Al Sadd cay\u00f3 eliminado en su duelo frente Al Jazira, tras una falla desde el punto fat\u00eddico para el genio de Terrasa.<\/p>\n<p>El otrora capit\u00e1n del Barcelona se perfil\u00f3 y de manera in\u00e9dita, envi\u00f3 a la redonda muy por encima de los tres palos. Queda claro que\u00a0hasta los cracks como <strong>Xavi<\/strong> tienen momentos de debilidad al cobrar un penal.<\/p>\n<p><iframe loading=\"lazy\" src=\"https:\/\/www.youtube.com\/embed\/tS-MguzY14M\" frameborder=\"0\" allowfullscreen=\"allowfullscreen\"><\/iframe><\/p>\n<p style=\"text-align: center;\"><strong><span style=\"color: #3366ff;\"><a style=\"color: #3366ff;\" href=\"http:\/\/futboltotal.com.mx\/2016\/02\/la-ultima-locura-de-paul-pogba\/\">LEER M\u00c1S: La \u00faltima locura de Paul Pogba.<\/a><\/span><\/strong><\/p>\n","protected":false},"excerpt":{"rendered":"<p>El genio de Terrasa err\u00f3 un cobro desde los once pasos <\/p>\n","protected":false},"author":20,"featured_media":336374,"comment_status":"closed","ping_status":"closed","sticky":false,"template":"","format":"standard","meta":[],"categories":[3839,4],"tags":[1726],"_links":{"self":[{"href":"http:\/\/desarrollo.grupomedios.com\/futbol\/wp-json\/wp\/v2\/posts\/356012"}],"collection":[{"href":"http:\/\/desarrollo.grupomedios.com\/futbol\/wp-json\/wp\/v2\/posts"}],"about":[{"href":"http:\/\/desarrollo.grupomedios.com\/futbol\/wp-json\/wp\/v2\/types\/post"}],"author":[{"embeddable":true,"href":"http:\/\/desarrollo.grupomedios.com\/futbol\/wp-json\/wp\/v2\/users\/20"}],"replies":[{"embeddable":true,"href":"http:\/\/desarrollo.grupomedios.com\/futbol\/wp-json\/wp\/v2\/comments?post=356012"}],"version-history":[{"count":0,"href":"http:\/\/desarrollo.grupomedios.com\/futbol\/wp-json\/wp\/v2\/posts\/356012\/revisions"}],"wp:featuredmedia":[{"embeddable":true,"href":"http:\/\/desarrollo.grupomedios.com\/futbol\/wp-json\/wp\/v2\/media\/336374"}],"wp:attachment":[{"href":"http:\/\/desarrollo.grupomedios.com\/futbol\/wp-json\/wp\/v2\/media?parent=356012"}],"wp:term":[{"taxonomy":"category","embeddable":true,"href":"http:\/\/desarrollo.grupomedios.com\/futbol\/wp-json\/wp\/v2\/categories?post=356012"},{"taxonomy":"post_tag","embeddable":true,"href":"http:\/\/desarrollo.grupomedios.com\/futbol\/wp-json\/wp\/v2\/tags?post=356012"}],"curies":[{"name":"wp","href":"https:\/\/api.w.org\/{rel}","templated":true}]}}