{"id":356085,"date":"2016-02-10T08:00:02","date_gmt":"2016-02-10T14:00:02","guid":{"rendered":"http:\/\/futboltotal.com.mx\/?p=356085"},"modified":"2016-02-11T11:12:16","modified_gmt":"2016-02-11T17:12:16","slug":"matthias-sindelar-el-futbolista-que-se-burlo-de-hitler","status":"publish","type":"post","link":"http:\/\/desarrollo.grupomedios.com\/futbol\/destacado-home\/matthias-sindelar-el-futbolista-que-se-burlo-de-hitler\/2016\/02","title":{"rendered":"Matthias Sindelar el futbolista que se burl\u00f3 de Hitler"},"content":{"rendered":"<p>Este 10 de febrero, se cumplen 113 a\u00f1os del natalicio de <strong>Matthias Sindelar<\/strong>, futbolista de origen austriaco quien es conocido por muchos, como el primer <em>crack<\/em> que pis\u00f3 las canchas en la historia del balompi\u00e9 profesional; no s\u00f3lo por ser la primera figura que impregn\u00f3 su talento en el rect\u00e1ngulo verde\u00a0y recibi\u00f3 admiraci\u00f3n y respeto por ello, sino por ser el pionero en alzar la voz en favor de los derechos tanto de los deportistas como de la humanidad.<\/p>\n<p>&#8220;El futbol no es una cuesti\u00f3n de vida o muerte: es mucho m\u00e1s que eso&#8221;, dijo en alguna ocasi\u00f3n <strong>Matthias Sindelar<\/strong>, para explicar la escencia del balompi\u00e9 y contextualizar su lucha. La historia del austriaco es la siguiente:<\/p>\n<p>Austria era una potencia en el futbol europeo, pues bajo el mando del estratega, Hugo Meisl, la selecci\u00f3n hil\u00f3 14 partidos sin derrota (de abril de 1931 a diciembre de 1932), fue semifinalista de la Copa del Mundo en Italia 1934 y en los Juegos Ol\u00edmpicos de Berl\u00edn 1936 obtuvieron la medalla de plata. A este equipo de \u00e9lite se le llam\u00f3 el <em>Wunderteam<\/em>.<\/p>\n<p>Pero de entre esa m\u00e1quina deportiva sobresal\u00eda un jugador, un delantero adelantado a su \u00e9poca: <strong>Matthias Sindelar<\/strong>, atacante de 175 cent\u00edmetros de estatura y apodado el <em>Hombre de Papel<\/em> por su extraordinaria habilidad para recortar defensas.<\/p>\n<p>Surgido en las inferiores del Hertha Viena, el <em>M\u00f3zart del Futbol<\/em> llam\u00f3 la atenci\u00f3n del Austria Viena, equipo en el que levant\u00f3 cinco Copas de Austria y una Liga. Adem\u00e1s de ser el capit\u00e1n que impuls\u00f3 al <em>Wunderteam<\/em> al cuarto lugar del Mundial de 1934.<\/p>\n<p>Todo comenz\u00f3 a oscurecerse para la naci\u00f3n austriaca el 12 de Marzo de 1938. La Alemania Nazi de Adolf Hitler, bajo la ideolog\u00eda del Tercer Reich o III Imperio Alem\u00e1n, comenz\u00f3 su expansi\u00f3n por Europa con la obsesi\u00f3n de ser la naci\u00f3n que dominara al mundo. Con el proceso conocido como <em>Anschluss<\/em>, Alemania oficialmente anexa a Austria a su territorio. Aquel d\u00eda, el pa\u00eds de <strong>Matthias Sindelar<\/strong> dej\u00f3 de existir y se convirti\u00f3 en la <em>Ostmark<\/em> (Marca del Este). Todos los jud\u00edos austriacos u opositores al partido pol\u00edtico Nazi, fueron detenidos, encarcelados y exterminados.<\/p>\n<p>Adolf <strong>Hitler<\/strong>, presidente y canciller de Alemania, visualiz\u00f3 el balompi\u00e9 como la propaganda perfecta para la sociedad austriaca, o mejor dicho, para los habitantes del <em>Ostmark<\/em>, as\u00ed que decidi\u00f3 unificar tambi\u00e9n las selecciones de futbol. Los mejores jugadores del <em>Wunderteam<\/em> pasar\u00edan a jugar con Alemania, que entonces no estaba ni cerca a ser una potencia.<\/p>\n<p>3 de abril de 1938. Alemania y Austria se enfrentaron en el que fue el \u00faltimo partido de la Austria independiente. La orden de <strong>Hitler<\/strong> fue clara: el <em>Wunderteam<\/em> se dejar\u00eda vencer por los <em>germanos<\/em>.<\/p>\n<p><strong>Matthias Sindelar<\/strong> se luci\u00f3 aquel d\u00eda. Con su inigualable estilo, burl\u00f3 a m\u00e1s de un teut\u00f3n y anot\u00f3, para despu\u00e9s, parado frente al palco alem\u00e1n, festejarle el gol en la cara a <strong>Hitler<\/strong>, dici\u00e9ndole, sin palabras, que \u00e9l era austriaco y no alem\u00e1n. El partido culmin\u00f3 2-0 y Matthias fue declarado enemigo de la naci\u00f3n.<\/p>\n<p>A partir de ese momento, a la m\u00ednima intenci\u00f3n de convocarlo a jugar por Alemania, \u00e9l fing\u00eda cualquier tipo de lesi\u00f3n, todo con tal de no portar los colores del enemigo, todo con tal de no izar el brazo derecho y decir: &#8220;Heil <strong>Hitler<\/strong> (Viva Hitler)&#8221;.<\/p>\n<p>23 de enero de 1939. Nueve meses despu\u00e9s de aquel 2-0 y perseguido por la Gestapo (Polic\u00eda Secreta de la Alemania Nazi), <strong>Matthias Sindelar<\/strong> fue hallado muerto junto a su novia en Viena. La causa revelada por el gobierno alem\u00e1n fue intoxicaci\u00f3n por inhalar monoxido de carbono procedente de la calefacci\u00f3n de su cuarto.<\/p>\n<p><strong>Matthias Sindelar<\/strong> logr\u00f3 lo que pocos: se revel\u00f3 del hombre que se cre\u00eda due\u00f1o del mundo, se burl\u00f3 de \u00e9l y todo por el amor que sent\u00eda por Austria y el futbol.<\/p>\n","protected":false},"excerpt":{"rendered":"<p>El Mozart del futbol, fue el m\u00e1ximo enemigo deportivo del nazismo<\/p>\n","protected":false},"author":20,"featured_media":356086,"comment_status":"closed","ping_status":"closed","sticky":false,"template":"","format":"standard","meta":[],"categories":[5419,5,3839,5418],"tags":[5460,265,5893],"_links":{"self":[{"href":"http:\/\/desarrollo.grupomedios.com\/futbol\/wp-json\/wp\/v2\/posts\/356085"}],"collection":[{"href":"http:\/\/desarrollo.grupomedios.com\/futbol\/wp-json\/wp\/v2\/posts"}],"about":[{"href":"http:\/\/desarrollo.grupomedios.com\/futbol\/wp-json\/wp\/v2\/types\/post"}],"author":[{"embeddable":true,"href":"http:\/\/desarrollo.grupomedios.com\/futbol\/wp-json\/wp\/v2\/users\/20"}],"replies":[{"embeddable":true,"href":"http:\/\/desarrollo.grupomedios.com\/futbol\/wp-json\/wp\/v2\/comments?post=356085"}],"version-history":[{"count":0,"href":"http:\/\/desarrollo.grupomedios.com\/futbol\/wp-json\/wp\/v2\/posts\/356085\/revisions"}],"wp:featuredmedia":[{"embeddable":true,"href":"http:\/\/desarrollo.grupomedios.com\/futbol\/wp-json\/wp\/v2\/media\/356086"}],"wp:attachment":[{"href":"http:\/\/desarrollo.grupomedios.com\/futbol\/wp-json\/wp\/v2\/media?parent=356085"}],"wp:term":[{"taxonomy":"category","embeddable":true,"href":"http:\/\/desarrollo.grupomedios.com\/futbol\/wp-json\/wp\/v2\/categories?post=356085"},{"taxonomy":"post_tag","embeddable":true,"href":"http:\/\/desarrollo.grupomedios.com\/futbol\/wp-json\/wp\/v2\/tags?post=356085"}],"curies":[{"name":"wp","href":"https:\/\/api.w.org\/{rel}","templated":true}]}}