{"id":356133,"date":"2016-02-10T11:33:12","date_gmt":"2016-02-10T17:33:12","guid":{"rendered":"http:\/\/futboltotal.com.mx\/?p=356133"},"modified":"2016-02-10T11:40:31","modified_gmt":"2016-02-10T17:40:31","slug":"la-broma-de-cristiano-a-marcelo","status":"publish","type":"post","link":"http:\/\/desarrollo.grupomedios.com\/futbol\/videos\/la-broma-de-cristiano-a-marcelo\/2016\/02","title":{"rendered":"La \u00faltima broma de Cristiano a Marcelo"},"content":{"rendered":"<p>Los jugadores del Real Madrid, <strong>Cristiano Ronaldo<\/strong> y <strong>Marcelo, <\/strong>han sido protagonistas en un sinn\u00famero de ocasiones por perder la compostura en actos publicitarios y hacer una que otra broma. Este mi\u00e9rcoles, el luso repiti\u00f3 la dosis y mostr\u00f3 su lado m\u00e1s bromista al tratar de sotener una credencial entre la cabellera de Marcelo.<br \/>\n<iframe loading=\"lazy\" src=\"https:\/\/www.youtube.com\/embed\/4n2hIGzYi-s\" frameborder=\"0\" allowfullscreen=\"allowfullscreen\"><\/iframe><\/p>\n","protected":false},"excerpt":{"rendered":"<p>El delantero portugu\u00e9s se divierte con el brasile\u00f1o en pleno acto publicitario<\/p>\n","protected":false},"author":20,"featured_media":356134,"comment_status":"closed","ping_status":"closed","sticky":false,"template":"","format":"standard","meta":[],"categories":[3839,4],"tags":[6013,1197,5988],"_links":{"self":[{"href":"http:\/\/desarrollo.grupomedios.com\/futbol\/wp-json\/wp\/v2\/posts\/356133"}],"collection":[{"href":"http:\/\/desarrollo.grupomedios.com\/futbol\/wp-json\/wp\/v2\/posts"}],"about":[{"href":"http:\/\/desarrollo.grupomedios.com\/futbol\/wp-json\/wp\/v2\/types\/post"}],"author":[{"embeddable":true,"href":"http:\/\/desarrollo.grupomedios.com\/futbol\/wp-json\/wp\/v2\/users\/20"}],"replies":[{"embeddable":true,"href":"http:\/\/desarrollo.grupomedios.com\/futbol\/wp-json\/wp\/v2\/comments?post=356133"}],"version-history":[{"count":0,"href":"http:\/\/desarrollo.grupomedios.com\/futbol\/wp-json\/wp\/v2\/posts\/356133\/revisions"}],"wp:featuredmedia":[{"embeddable":true,"href":"http:\/\/desarrollo.grupomedios.com\/futbol\/wp-json\/wp\/v2\/media\/356134"}],"wp:attachment":[{"href":"http:\/\/desarrollo.grupomedios.com\/futbol\/wp-json\/wp\/v2\/media?parent=356133"}],"wp:term":[{"taxonomy":"category","embeddable":true,"href":"http:\/\/desarrollo.grupomedios.com\/futbol\/wp-json\/wp\/v2\/categories?post=356133"},{"taxonomy":"post_tag","embeddable":true,"href":"http:\/\/desarrollo.grupomedios.com\/futbol\/wp-json\/wp\/v2\/tags?post=356133"}],"curies":[{"name":"wp","href":"https:\/\/api.w.org\/{rel}","templated":true}]}}