{"id":356187,"date":"2016-02-10T16:08:25","date_gmt":"2016-02-10T22:08:25","guid":{"rendered":"http:\/\/futboltotal.com.mx\/?p=356187"},"modified":"2016-02-10T16:12:51","modified_gmt":"2016-02-10T22:12:51","slug":"consienten-a-nahuel-guzman-por-su-cumpleanos","status":"publish","type":"post","link":"http:\/\/desarrollo.grupomedios.com\/futbol\/videos\/consienten-a-nahuel-guzman-por-su-cumpleanos\/2016\/02","title":{"rendered":"Consienten a Nahuel Guzm\u00e1n por su cumplea\u00f1os"},"content":{"rendered":"<p>Este mi\u00e9rcoles 10 de febrero, el portero de <a href=\"http:\/\/www.futboltotal.com.mx\/equipos\/tigres\/\" target=\"_blank\"><strong>Tigres<\/strong><\/a>, <strong>Nahuel Guzm\u00e1n<\/strong>, cumpli\u00f3 30 a\u00f1os, por ello la afici\u00f3n y la directiva del club <em>felino<\/em>, no dudaron en enviar sus felicitaciones al cancebero.<\/p>\n<blockquote class=\"twitter-tweet\" data-lang=\"es\">\n<p dir=\"ltr\" lang=\"es\">Felicidades a nuestro Tigre, <a href=\"https:\/\/twitter.com\/PatonGuzman\">@PatonGuzman<\/a> hoy en su cumplea\u00f1os <a href=\"https:\/\/twitter.com\/hashtag\/FelicidadesTigre?src=hash\">#FelicidadesTigre<\/a> <a href=\"https:\/\/twitter.com\/hashtag\/FelicidadesNahuel?src=hash\">#FelicidadesNahuel<\/a> <a href=\"https:\/\/twitter.com\/hashtag\/SomosTigres?src=hash\">#SomosTigres<\/a> <a href=\"https:\/\/t.co\/o1SFi3webM\">pic.twitter.com\/o1SFi3webM<\/a><\/p>\n<p>\u2014 CLUB TIGRES OFICIAL (@TigresOficial) <a href=\"https:\/\/twitter.com\/TigresOficial\/status\/697492062845816832\">febrero 10, 2016<\/a><\/p><\/blockquote>\n<p><script src=\"\/\/platform.twitter.com\/widgets.js\" async=\"\" charset=\"utf-8\"><\/script><\/p>\n<p>Sin embargo, de entre los detalles que recibi\u00f3 <strong>Nahuel Guzm\u00e1n<\/strong> por su cumplea\u00f1os, est\u00e1n el pastel que le llev\u00f3 el personal de las instalaciones de <strong>Tigres<\/strong>, y un video de un peque\u00f1o aficionado, que quiere ser como el cancerbero <em>felino<\/em>.<\/p>\n<blockquote class=\"twitter-tweet\" data-lang=\"es\"><p>\nUtileros y trabajadores de La Cueva de Zuazua festejaron a <a href=\"https:\/\/twitter.com\/PatonGuzman\">@PatonGuzman<\/a> en su cumplea\u00f1os. <a href=\"https:\/\/t.co\/GVta0uzhrZ\">pic.twitter.com\/GVta0uzhrZ<\/a><\/p>\n<p>\u2014 CLUB TIGRES OFICIAL (@TigresOficial) <a href=\"https:\/\/twitter.com\/TigresOficial\/status\/697487525653323776\">febrero 10, 2016<\/a>\n<\/p><\/blockquote>\n<p><script src=\"\/\/platform.twitter.com\/widgets.js\" async=\"\" charset=\"utf-8\"><\/script><\/p>\n<blockquote class=\"twitter-tweet\" data-lang=\"es\">\n<p dir=\"ltr\" lang=\"es\"><a href=\"https:\/\/twitter.com\/PatonGuzman\">@PatonGuzman<\/a> <a href=\"https:\/\/twitter.com\/TigresOficial\">@TigresOficial<\/a> de parte de tu fan #1 Marion Rdz!!<br \/>\nQue pases un excelente cumplea\u00f1os!!! <a href=\"https:\/\/t.co\/hRXWr0Q8dq\">pic.twitter.com\/hRXWr0Q8dq<\/a><\/p>\n<p>\u2014 Michelle Mancillas (@michycub2) <a href=\"https:\/\/twitter.com\/michycub2\/status\/697480254311387136\">febrero 10, 2016<\/a><\/p><\/blockquote>\n<p><script src=\"\/\/platform.twitter.com\/widgets.js\" async=\"\" charset=\"utf-8\"><\/script><\/p>\n<p style=\"text-align: center;\"><span style=\"color: #3366ff;\"><a style=\"color: #3366ff;\" href=\"http:\/\/futboltotal.com.mx\/2015\/12\/nahuel-guzman-origen-del-heroe-felino\/\" target=\"_blank\"><strong>LEER M\u00c1S: Nahuel Guzm\u00e1n, el origen del portero felino<\/strong><\/a><\/span><\/p>\n","protected":false},"excerpt":{"rendered":"<p>Un simp\u00e1tico video de un peque\u00f1o fan, conmovi\u00f3 a la afici\u00f3n de Tigres<\/p>\n","protected":false},"author":20,"featured_media":356197,"comment_status":"closed","ping_status":"closed","sticky":false,"template":"","format":"standard","meta":[],"categories":[2198,3845,4],"tags":[6129,5973],"_links":{"self":[{"href":"http:\/\/desarrollo.grupomedios.com\/futbol\/wp-json\/wp\/v2\/posts\/356187"}],"collection":[{"href":"http:\/\/desarrollo.grupomedios.com\/futbol\/wp-json\/wp\/v2\/posts"}],"about":[{"href":"http:\/\/desarrollo.grupomedios.com\/futbol\/wp-json\/wp\/v2\/types\/post"}],"author":[{"embeddable":true,"href":"http:\/\/desarrollo.grupomedios.com\/futbol\/wp-json\/wp\/v2\/users\/20"}],"replies":[{"embeddable":true,"href":"http:\/\/desarrollo.grupomedios.com\/futbol\/wp-json\/wp\/v2\/comments?post=356187"}],"version-history":[{"count":0,"href":"http:\/\/desarrollo.grupomedios.com\/futbol\/wp-json\/wp\/v2\/posts\/356187\/revisions"}],"wp:featuredmedia":[{"embeddable":true,"href":"http:\/\/desarrollo.grupomedios.com\/futbol\/wp-json\/wp\/v2\/media\/356197"}],"wp:attachment":[{"href":"http:\/\/desarrollo.grupomedios.com\/futbol\/wp-json\/wp\/v2\/media?parent=356187"}],"wp:term":[{"taxonomy":"category","embeddable":true,"href":"http:\/\/desarrollo.grupomedios.com\/futbol\/wp-json\/wp\/v2\/categories?post=356187"},{"taxonomy":"post_tag","embeddable":true,"href":"http:\/\/desarrollo.grupomedios.com\/futbol\/wp-json\/wp\/v2\/tags?post=356187"}],"curies":[{"name":"wp","href":"https:\/\/api.w.org\/{rel}","templated":true}]}}