{"id":356203,"date":"2016-02-10T17:06:53","date_gmt":"2016-02-10T23:06:53","guid":{"rendered":"http:\/\/futboltotal.com.mx\/?p=356203"},"modified":"2016-02-10T17:06:53","modified_gmt":"2016-02-10T23:06:53","slug":"raul-gudino-se-va-al-madeira-en-calidad-de-prestamo","status":"publish","type":"post","link":"http:\/\/desarrollo.grupomedios.com\/futbol\/destacado-home\/raul-gudino-se-va-al-madeira-en-calidad-de-prestamo\/2016\/02","title":{"rendered":"Ra\u00fal Gudi\u00f1o se va al Madeira en calidad de pr\u00e9stamo"},"content":{"rendered":"<p>El portero mexicano <strong>Ra\u00fal Gudi\u00f1o<\/strong>, saldr\u00e1 del <strong>Porto<\/strong> para asumir el rol de portero titular del Uniao da Madeira, de la Primeira Liga de Portugal; el cancerbero se va en calidad de pr\u00e9stamo.<\/p>\n<p><strong>Ra\u00fal Gudi\u00f1o<\/strong> tendr\u00e1 su primera gran oportunidad como titular en la liga de Portugal, pues esa fue la condici\u00f3n por la que acept\u00f3 emigrar al <strong>Uniao da Madeira<\/strong>, aunado a que el conjunto portugu\u00e9s, necesita un cancerbero con urgencia.<\/p>\n<p>Andr\u00e9 Moreira, portero titular del <strong>Uniao da Madeira<\/strong>, sufri\u00f3 una lesi\u00f3n en los me\u00f1iscos, que lo aleja de las canchas por el resto de la campa\u00f1a; por ello, <strong>Ra\u00fal Gudi\u00f1o<\/strong> es cedido a pr\u00e9stamo por el Porto, por lo que resta de la temporada 2015-16.<\/p>\n<p>La lesi\u00f3n del portero Andr\u00e9 Moreira, es la que permite al <strong>Uniao da Madeira<\/strong> y al Porto, realizar la negociaci\u00f3n de <strong>Ra\u00fal Gudi\u00f1o<\/strong>, despu\u00e9s del cierre del r\u00e9gimen de transferencias en Europa.<\/p>\n<p>Medios nacionales e internacionales confirman la negociaci\u00f3n; sin embargo, ninguno de los dos clubes se ha pronunciado al respecto para hacerlo oficial.<\/p>\n","protected":false},"excerpt":{"rendered":"<p>El cancerbero mexicano saldr\u00e1 de Porto para ser titular en la liga portuguesa<\/p>\n","protected":false},"author":20,"featured_media":356205,"comment_status":"closed","ping_status":"closed","sticky":false,"template":"","format":"standard","meta":[],"categories":[5,3839],"tags":[1208,4596],"_links":{"self":[{"href":"http:\/\/desarrollo.grupomedios.com\/futbol\/wp-json\/wp\/v2\/posts\/356203"}],"collection":[{"href":"http:\/\/desarrollo.grupomedios.com\/futbol\/wp-json\/wp\/v2\/posts"}],"about":[{"href":"http:\/\/desarrollo.grupomedios.com\/futbol\/wp-json\/wp\/v2\/types\/post"}],"author":[{"embeddable":true,"href":"http:\/\/desarrollo.grupomedios.com\/futbol\/wp-json\/wp\/v2\/users\/20"}],"replies":[{"embeddable":true,"href":"http:\/\/desarrollo.grupomedios.com\/futbol\/wp-json\/wp\/v2\/comments?post=356203"}],"version-history":[{"count":0,"href":"http:\/\/desarrollo.grupomedios.com\/futbol\/wp-json\/wp\/v2\/posts\/356203\/revisions"}],"wp:featuredmedia":[{"embeddable":true,"href":"http:\/\/desarrollo.grupomedios.com\/futbol\/wp-json\/wp\/v2\/media\/356205"}],"wp:attachment":[{"href":"http:\/\/desarrollo.grupomedios.com\/futbol\/wp-json\/wp\/v2\/media?parent=356203"}],"wp:term":[{"taxonomy":"category","embeddable":true,"href":"http:\/\/desarrollo.grupomedios.com\/futbol\/wp-json\/wp\/v2\/categories?post=356203"},{"taxonomy":"post_tag","embeddable":true,"href":"http:\/\/desarrollo.grupomedios.com\/futbol\/wp-json\/wp\/v2\/tags?post=356203"}],"curies":[{"name":"wp","href":"https:\/\/api.w.org\/{rel}","templated":true}]}}