{"id":356208,"date":"2016-02-11T08:30:26","date_gmt":"2016-02-11T14:30:26","guid":{"rendered":"http:\/\/futboltotal.com.mx\/?p=356208"},"modified":"2016-02-11T09:04:06","modified_gmt":"2016-02-11T15:04:06","slug":"regresaron-a-mexico-para-ser-campeones","status":"publish","type":"post","link":"http:\/\/desarrollo.grupomedios.com\/futbol\/destacado-home\/regresaron-a-mexico-para-ser-campeones\/2016\/02","title":{"rendered":"Regresaron a M\u00e9xico para ser campeones"},"content":{"rendered":"<p>Este jueves 11 de febrero, <strong>Javier Aquino<\/strong> cumple 26 a\u00f1os. El volante mexicano es uno de los futbolistas con pasado europeo, que en cuanto regres\u00f3 a tierras <em>aztecas<\/em>\u00a0logr\u00f3 obtener un t\u00edtulo de <strong>Liga MX<\/strong>.<\/p>\n<p>Ha habido algunos que se tardaron un tiempo, pero en particular, hay un p\u00f3ker de mexicanos que inmediatamente en el torneo o a\u00f1o en que volvieron a su pa\u00eds, se coronaron campeones de la <strong>Liga MX<\/strong>.<\/p>\n<p>Javier Aquino, Rafael M\u00e1rquez, Francisco el Maza Rodr\u00edguez y Carlos Salcido, <strong>regresaron a M\u00e9xico para ser campeones<\/strong>; s\u00f3lo el <em>K\u00e1iser<\/em> no fue campe\u00f3n inmediatamente; es decir, en el primer torneo en que particip\u00f3 tras su regreso.<\/p>\n<p><a href=\"http:\/\/futboltotal.com.mx\/wp-content\/uploads\/2016\/02\/4queregresaroncampeones.jpg\" rel=\"attachment wp-att-356210\"><img decoding=\"async\" loading=\"lazy\" class=\"alignnone size-full wp-image-356210\" src=\"http:\/\/futboltotal.com.mx\/wp-content\/uploads\/2016\/02\/4queregresaroncampeones.jpg\" alt=\"4queregresaroncampeones\" srcset=\"http:\/\/desarrollo.grupomedios.com\/futbol\/wp-content\/uploads\/2016\/02\/4queregresaroncampeones.jpg 940w, http:\/\/desarrollo.grupomedios.com\/futbol\/wp-content\/uploads\/2016\/02\/4queregresaroncampeones-300x251.jpg 300w, http:\/\/desarrollo.grupomedios.com\/futbol\/wp-content\/uploads\/2016\/02\/4queregresaroncampeones-768x644.jpg 768w\" sizes=\"(max-width: 940px) 100vw, 940px\" \/><\/a><\/p>\n<p><strong>Javier Aquino<\/strong> fue uno de los refuerzos de lujo de Tigres de cara al Apertura 2015, y rindi\u00f3 de inmediato pues fue titular en el equipo que consigui\u00f3 ser campe\u00f3n de la Liga MX.<\/p>\n<p><strong>Francisco Rodr\u00edguez<\/strong> lleg\u00f3 al Am\u00e9rica en el Clausura 2013 para encender la pol\u00e9mica por su pasado rojiblanco, se coron\u00f3 con las \u00c1guilas en ese mismo torneo y pas\u00f3 a la historia por ser uno de los pocos jugadores en ser campe\u00f3n de Liga MX con los <em>azulcremas<\/em> y con Chivas.<\/p>\n<p><strong>Carlos Salcido<\/strong> termin\u00f3 su relaci\u00f3n con Fulham en 2011 para llegar a los Tigres de Ricardo Ferretti en el Apertura 2011, torneo en el que result\u00f3 campe\u00f3n.<\/p>\n<p>Por su parte, <strong>Rafael M\u00e1rquez<\/strong>, es fue el \u00fanico del cuarteto que no fue campe\u00f3n en el torneo en que regres\u00f3 a la Liga MX, pues el reapareci\u00f3 en el Clausura 2013, donde le cost\u00f3 trabajo adaptarse; sin embargo, bastar\u00edan unos meses para afianzarse en el equipo y conseguir no uno sino dos t\u00edtulos consecutivos con Le\u00f3n.<\/p>\n","protected":false},"excerpt":{"rendered":"<p>Aquino figura en un cuarteto peculiar de ganadores de la Liga MX<\/p>\n","protected":false},"author":20,"featured_media":356211,"comment_status":"closed","ping_status":"closed","sticky":false,"template":"","format":"standard","meta":[],"categories":[5,2198,3845],"tags":[5959,6025,5965,142,4358,5973],"_links":{"self":[{"href":"http:\/\/desarrollo.grupomedios.com\/futbol\/wp-json\/wp\/v2\/posts\/356208"}],"collection":[{"href":"http:\/\/desarrollo.grupomedios.com\/futbol\/wp-json\/wp\/v2\/posts"}],"about":[{"href":"http:\/\/desarrollo.grupomedios.com\/futbol\/wp-json\/wp\/v2\/types\/post"}],"author":[{"embeddable":true,"href":"http:\/\/desarrollo.grupomedios.com\/futbol\/wp-json\/wp\/v2\/users\/20"}],"replies":[{"embeddable":true,"href":"http:\/\/desarrollo.grupomedios.com\/futbol\/wp-json\/wp\/v2\/comments?post=356208"}],"version-history":[{"count":0,"href":"http:\/\/desarrollo.grupomedios.com\/futbol\/wp-json\/wp\/v2\/posts\/356208\/revisions"}],"wp:featuredmedia":[{"embeddable":true,"href":"http:\/\/desarrollo.grupomedios.com\/futbol\/wp-json\/wp\/v2\/media\/356211"}],"wp:attachment":[{"href":"http:\/\/desarrollo.grupomedios.com\/futbol\/wp-json\/wp\/v2\/media?parent=356208"}],"wp:term":[{"taxonomy":"category","embeddable":true,"href":"http:\/\/desarrollo.grupomedios.com\/futbol\/wp-json\/wp\/v2\/categories?post=356208"},{"taxonomy":"post_tag","embeddable":true,"href":"http:\/\/desarrollo.grupomedios.com\/futbol\/wp-json\/wp\/v2\/tags?post=356208"}],"curies":[{"name":"wp","href":"https:\/\/api.w.org\/{rel}","templated":true}]}}