{"id":356214,"date":"2016-02-11T07:40:49","date_gmt":"2016-02-11T13:40:49","guid":{"rendered":"http:\/\/futboltotal.com.mx\/?p=356214"},"modified":"2016-02-11T16:52:02","modified_gmt":"2016-02-11T22:52:02","slug":"rayo-vallecano-sinonimo-de-retroceso-para-mexicanos","status":"publish","type":"post","link":"http:\/\/desarrollo.grupomedios.com\/futbol\/destacado-home\/rayo-vallecano-sinonimo-de-retroceso-para-mexicanos\/2016\/02","title":{"rendered":"Rayo Vallecano, \u00bfsin\u00f3nimo de retroceso para mexicanos?"},"content":{"rendered":"<p>Este jueves 11 de febrero, <strong>Javier Aquino<\/strong> cumple 26 a\u00f1os. El futbolista mexicano tuvo un breve paso por Europa, que no fue tan brillante como lo hubiera deseado, pero afortunadamente, pudo reivindicar su carrera, al coronarse con los Tigres en la Liga MX en la campa\u00f1a anterior.<\/p>\n<p>El \u00faltimo equipo que tuvo <strong>Javier Aquino<\/strong> antes de regresar a M\u00e9xico, fue el <strong>Rayo Vallecano<\/strong>, equipo con el que pudo participar constantemente; sin embargo, no consigui\u00f3 destacar, al grado de dar s\u00f3lo 2 asistencias en 25 partidos disputados.<\/p>\n<p>Ante la baja de juego, <strong>Javier Aquino<\/strong> tuvo que abandonar el sue\u00f1o europeo y volver a su pa\u00eds de origen; sin embargo, el volante no ha sido el \u00fanico mexicano en tener al Rayo Vallecano, como su \u00faltimo equipo en el Viejo Continente.<\/p>\n<p>Estos son los futbolistas mexicanos que jugaron en el Rayo Vallecano:<\/p>\n<p><strong>Guillermo Mendiz\u00e1bal<\/strong> | Figura del Cruz Azul en las d\u00e9cadas de 1970 y 1980, tuvo un breve paso por Europa y su \u00fanico equipo en el viejo continente fue precisamente el Rayo Vallecano, club con el que se mantuvo s\u00f3lo una temporada, la de 1985-86; al no tener \u00e9xito, regres\u00f3 al futbol mexicano para militar en las Chivas.<\/p>\n<p><a href=\"http:\/\/futboltotal.com.mx\/wp-content\/uploads\/2016\/02\/rayo-vallecano-guillermo-mendizabal.png\" rel=\"attachment wp-att-356427\"><img decoding=\"async\" loading=\"lazy\" class=\"alignnone size-full wp-image-356427\" src=\"http:\/\/futboltotal.com.mx\/wp-content\/uploads\/2016\/02\/rayo-vallecano-guillermo-mendizabal.png\" alt=\"rayo-vallecano-guillermo-mendizabal\" srcset=\"http:\/\/desarrollo.grupomedios.com\/futbol\/wp-content\/uploads\/2016\/02\/rayo-vallecano-guillermo-mendizabal.png 820w, http:\/\/desarrollo.grupomedios.com\/futbol\/wp-content\/uploads\/2016\/02\/rayo-vallecano-guillermo-mendizabal-300x110.png 300w, http:\/\/desarrollo.grupomedios.com\/futbol\/wp-content\/uploads\/2016\/02\/rayo-vallecano-guillermo-mendizabal-768x281.png 768w\" sizes=\"(max-width: 820px) 100vw, 820px\" \/><\/a><\/p>\n<p><strong>Hugo S\u00e1nchez<\/strong> | Es el \u00fanico de este cuarteto que tuvo buenos n\u00fameros al militar en el Rayo Vallecano, pues fue la figura del equipo al participar en 29 partidos y marcar 16 tantos en la temporada 1993-94; sin embargo, no pudo evitar que el equipo descendiera, por lo que al terminar la campa\u00f1a, regres\u00f3 a M\u00e9xico. <em>Hugol<\/em> tambi\u00e9n es el \u00fanico de este p\u00f3ker que s\u00ed regres\u00f3 a Europa, pero brevemente.<\/p>\n<p><a href=\"http:\/\/futboltotal.com.mx\/wp-content\/uploads\/2016\/02\/rayo-vallecano-hugo-sanchez.png\" rel=\"attachment wp-att-356428\"><img decoding=\"async\" loading=\"lazy\" class=\"alignnone size-full wp-image-356428\" src=\"http:\/\/futboltotal.com.mx\/wp-content\/uploads\/2016\/02\/rayo-vallecano-hugo-sanchez.png\" alt=\"rayo-vallecano-hugo-sanchez\" srcset=\"http:\/\/desarrollo.grupomedios.com\/futbol\/wp-content\/uploads\/2016\/02\/rayo-vallecano-hugo-sanchez.png 820w, http:\/\/desarrollo.grupomedios.com\/futbol\/wp-content\/uploads\/2016\/02\/rayo-vallecano-hugo-sanchez-300x110.png 300w, http:\/\/desarrollo.grupomedios.com\/futbol\/wp-content\/uploads\/2016\/02\/rayo-vallecano-hugo-sanchez-768x281.png 768w\" sizes=\"(max-width: 820px) 100vw, 820px\" \/><\/a><\/p>\n<p><strong>Nery Castillo<\/strong> | Quiz\u00e1 el que tuvo un descenlace m\u00e1s ca\u00f3tico fue Nery Alberto Castillo, quien no tuvo una buena experiencia en la Liga MX, por lo que regres\u00f3 a Europa al firmar con el Rayo Vallecano de Espa\u00f1a para militar en la temporada 2013-2014, donde apenas pudo disputar 15 encuentros entre Liga y Copa, y marc\u00f3 s\u00f3lo 2 tantos, al concluir la campa\u00f1a, fue dado de baja y termin\u00f3 sin equipo. Actualmente, el delantero sigue inactivo.<\/p>\n<p><a href=\"http:\/\/futboltotal.com.mx\/wp-content\/uploads\/2016\/02\/rayo-vallecano-nery-castillo.png\" rel=\"attachment wp-att-356429\"><img decoding=\"async\" loading=\"lazy\" class=\"alignnone size-full wp-image-356429\" src=\"http:\/\/futboltotal.com.mx\/wp-content\/uploads\/2016\/02\/rayo-vallecano-nery-castillo.png\" alt=\"rayo-vallecano-nery-castillo\" srcset=\"http:\/\/desarrollo.grupomedios.com\/futbol\/wp-content\/uploads\/2016\/02\/rayo-vallecano-nery-castillo.png 820w, http:\/\/desarrollo.grupomedios.com\/futbol\/wp-content\/uploads\/2016\/02\/rayo-vallecano-nery-castillo-300x110.png 300w, http:\/\/desarrollo.grupomedios.com\/futbol\/wp-content\/uploads\/2016\/02\/rayo-vallecano-nery-castillo-768x281.png 768w\" sizes=\"(max-width: 820px) 100vw, 820px\" \/><\/a><\/p>\n<p><strong>Javier Aquino<\/strong> | 25 partidos disputados y s\u00f3lo dos asistencias en la temporada 2013-14 provoc\u00f3 que el volante por poco se quedara sin participar en el Mundial de Brasil 2014; inclusive, se gan\u00f3 el llamado gracias a la lesi\u00f3n de Luis Montes. Tras concluir la campa\u00f1a decidi\u00f3 regresar a M\u00e9xico tras llegar a un acuerdo con Tigres.<\/p>\n<p><a href=\"http:\/\/futboltotal.com.mx\/wp-content\/uploads\/2016\/02\/rayo-vallecano-javier-aquino.png\" rel=\"attachment wp-att-356430\"><img decoding=\"async\" loading=\"lazy\" class=\"alignnone size-full wp-image-356430\" src=\"http:\/\/futboltotal.com.mx\/wp-content\/uploads\/2016\/02\/rayo-vallecano-javier-aquino.png\" alt=\"rayo-vallecano-javier-aquino\" srcset=\"http:\/\/desarrollo.grupomedios.com\/futbol\/wp-content\/uploads\/2016\/02\/rayo-vallecano-javier-aquino.png 820w, http:\/\/desarrollo.grupomedios.com\/futbol\/wp-content\/uploads\/2016\/02\/rayo-vallecano-javier-aquino-300x110.png 300w, http:\/\/desarrollo.grupomedios.com\/futbol\/wp-content\/uploads\/2016\/02\/rayo-vallecano-javier-aquino-768x281.png 768w\" sizes=\"(max-width: 820px) 100vw, 820px\" \/><\/a><\/p>\n<p>Parecer\u00eda que jugar en el <strong>Rayo Vallecano<\/strong> es de mala suerte para los mexicanos. \u00bfQu\u00e9 opinas, <em>crack<\/em>?<\/p>\n","protected":false},"excerpt":{"rendered":"<p>Futbolistas aztecas vieron en el club espa\u00f1ol, el fin de su carrera europea<\/p>\n","protected":false},"author":20,"featured_media":356425,"comment_status":"closed","ping_status":"closed","sticky":false,"template":"","format":"standard","meta":[],"categories":[5,2198,3845,6718],"tags":[1913,4545],"_links":{"self":[{"href":"http:\/\/desarrollo.grupomedios.com\/futbol\/wp-json\/wp\/v2\/posts\/356214"}],"collection":[{"href":"http:\/\/desarrollo.grupomedios.com\/futbol\/wp-json\/wp\/v2\/posts"}],"about":[{"href":"http:\/\/desarrollo.grupomedios.com\/futbol\/wp-json\/wp\/v2\/types\/post"}],"author":[{"embeddable":true,"href":"http:\/\/desarrollo.grupomedios.com\/futbol\/wp-json\/wp\/v2\/users\/20"}],"replies":[{"embeddable":true,"href":"http:\/\/desarrollo.grupomedios.com\/futbol\/wp-json\/wp\/v2\/comments?post=356214"}],"version-history":[{"count":0,"href":"http:\/\/desarrollo.grupomedios.com\/futbol\/wp-json\/wp\/v2\/posts\/356214\/revisions"}],"wp:featuredmedia":[{"embeddable":true,"href":"http:\/\/desarrollo.grupomedios.com\/futbol\/wp-json\/wp\/v2\/media\/356425"}],"wp:attachment":[{"href":"http:\/\/desarrollo.grupomedios.com\/futbol\/wp-json\/wp\/v2\/media?parent=356214"}],"wp:term":[{"taxonomy":"category","embeddable":true,"href":"http:\/\/desarrollo.grupomedios.com\/futbol\/wp-json\/wp\/v2\/categories?post=356214"},{"taxonomy":"post_tag","embeddable":true,"href":"http:\/\/desarrollo.grupomedios.com\/futbol\/wp-json\/wp\/v2\/tags?post=356214"}],"curies":[{"name":"wp","href":"https:\/\/api.w.org\/{rel}","templated":true}]}}