{"id":356446,"date":"2016-02-11T13:07:40","date_gmt":"2016-02-11T19:07:40","guid":{"rendered":"http:\/\/futboltotal.com.mx\/?p=356446"},"modified":"2016-02-11T13:08:42","modified_gmt":"2016-02-11T19:08:42","slug":"se-agotan-opciones-de-ochoa-en-el-malaga","status":"publish","type":"post","link":"http:\/\/desarrollo.grupomedios.com\/futbol\/destacado-home\/se-agotan-opciones-de-ochoa-en-el-malaga\/2016\/02","title":{"rendered":"Memo Ochoa, sin futuro en el M\u00e1laga"},"content":{"rendered":"<p>El futuro de <strong>Guillermo Ochoa<\/strong> se complica en el <strong>M\u00e1laga<\/strong>. Y es\u00a0que este jueves,\u00a0la directiva\u00a0andaluz oficializ\u00f3 la ampliaci\u00f3n de contrato del portero camerun\u00e9s <strong>Carlos Kameni<\/strong>, quien lleg\u00f3 a un acuerdo para militar en el club hasta 2020.<\/p>\n<p><strong>Kameni<\/strong> confirm\u00f3 que en el pasado mercado invernal rechaz\u00f3 una oferta millonaria para ir a la Premier League, pues ten\u00eda la firme intenci\u00f3n de seguir en el <strong>M\u00e1laga<\/strong>, donde anhela permanecer por &#8220;mucho tiempo m\u00e1s&#8221;.<\/p>\n<p style=\"text-align: center;\"><span style=\"color: #3366ff;\"><strong><a style=\"color: #3366ff;\" href=\"http:\/\/futboltotal.com.mx\/2016\/02\/rayo-vallecano-sinonimo-de-retroceso-para-mexicanos\/\">LEER M\u00c1S: Rayo Vallecano, \u00bfsin\u00f3nimo de retroceso para mexicanos?<\/a><\/strong><\/span><\/p>\n<p>&#8220;En otro pa\u00eds iba a ganar m\u00e1s (Inglaterra), pero ver\u00eda caras de tristeza en mi casa. No me quedo por dinero, lo importante es la felicidad de mi familia. Mi continuidad es algo sentimental&#8221;,\u00a0 dijo el arquero en rueda de prensa, en la cual estuvo acompa\u00f1ado por el director deportivo de la entidad,\u00a0Francesc Arnau.<\/p>\n<p><strong>Carlos Kameni<\/strong> afirm\u00f3 que no es due\u00f1o de la porter\u00eda del <strong>M\u00e1laga<\/strong>, pues hoy sigue peleando d\u00eda a d\u00eda con <strong>Guillermo Ochoa<\/strong> por la titularidad, tal y como lo hizo en el pasado con el argentino Willy Caballero.<\/p>\n<p style=\"text-align: center;\"><strong><a style=\"color: #3366ff;\" href=\"http:\/\/futboltotal.com.mx\/futbol-internacional\/mexicanos-en-europa\/\">LEER M\u00c1S: Todas las noticias de los mexicanos en Europa<\/a><\/strong><\/p>\n<p>&#8220;No creo que mi renovaci\u00f3n afecte la vida de <em>Guille<\/em> (<strong>Memo Ochoa<\/strong>). Somos profesionales y tenemos que competir. No es la porter\u00eda de <strong>Kameni<\/strong>, es la porter\u00eda del <strong>M\u00e1laga<\/strong>. \u00bfQui\u00e9n ha dicho que <em>Guille<\/em> y <strong>Kameni<\/strong> tienen problemas? Nos saludamos, nos respetamos y el entrenador dice qui\u00e9n juegue. Yo no me tomo el t\u00e9 con 25 jugadores,\u00a0pero eso no significa que tengamos problemas\u201d, dijo.<\/p>\n<p>La renovaci\u00f3n del guardameta camerun\u00e9s orilla a <strong>Memo\u00a0Ochoa<\/strong> a buscar desde ahora un nuevo equipo, toda vez que es muy complicado que pueda tener actividad en liga y la continuidad que le permita recobrar el nivel y ganar una convocatoria a la Selecci\u00f3n Mexicana.<\/p>\n","protected":false},"excerpt":{"rendered":"<p>El conjunto andaluz renov\u00f3 el contrato del camerun\u00e9s Carlos Kameni<\/p>\n","protected":false},"author":20,"featured_media":356447,"comment_status":"closed","ping_status":"closed","sticky":false,"template":"","format":"standard","meta":[],"categories":[5,3839,3844,6718],"tags":[5991,306,4545],"_links":{"self":[{"href":"http:\/\/desarrollo.grupomedios.com\/futbol\/wp-json\/wp\/v2\/posts\/356446"}],"collection":[{"href":"http:\/\/desarrollo.grupomedios.com\/futbol\/wp-json\/wp\/v2\/posts"}],"about":[{"href":"http:\/\/desarrollo.grupomedios.com\/futbol\/wp-json\/wp\/v2\/types\/post"}],"author":[{"embeddable":true,"href":"http:\/\/desarrollo.grupomedios.com\/futbol\/wp-json\/wp\/v2\/users\/20"}],"replies":[{"embeddable":true,"href":"http:\/\/desarrollo.grupomedios.com\/futbol\/wp-json\/wp\/v2\/comments?post=356446"}],"version-history":[{"count":0,"href":"http:\/\/desarrollo.grupomedios.com\/futbol\/wp-json\/wp\/v2\/posts\/356446\/revisions"}],"wp:featuredmedia":[{"embeddable":true,"href":"http:\/\/desarrollo.grupomedios.com\/futbol\/wp-json\/wp\/v2\/media\/356447"}],"wp:attachment":[{"href":"http:\/\/desarrollo.grupomedios.com\/futbol\/wp-json\/wp\/v2\/media?parent=356446"}],"wp:term":[{"taxonomy":"category","embeddable":true,"href":"http:\/\/desarrollo.grupomedios.com\/futbol\/wp-json\/wp\/v2\/categories?post=356446"},{"taxonomy":"post_tag","embeddable":true,"href":"http:\/\/desarrollo.grupomedios.com\/futbol\/wp-json\/wp\/v2\/tags?post=356446"}],"curies":[{"name":"wp","href":"https:\/\/api.w.org\/{rel}","templated":true}]}}