{"id":356477,"date":"2016-02-11T12:06:20","date_gmt":"2016-02-11T18:06:20","guid":{"rendered":"http:\/\/futboltotal.com.mx\/?p=356477"},"modified":"2016-02-11T13:13:43","modified_gmt":"2016-02-11T19:13:43","slug":"opciones-de-ochoa-para-cambiar-de-club","status":"publish","type":"post","link":"http:\/\/desarrollo.grupomedios.com\/futbol\/destacado-home\/opciones-de-ochoa-para-cambiar-de-club\/2016\/02","title":{"rendered":"Opciones de Memo Ochoa en Espa\u00f1a"},"content":{"rendered":"<p>Han transcurrido poco m\u00e1s de 18 meses desde que el arquero <strong>Guillermo Ochoa<\/strong> firm\u00f3 contrato con el <strong>M\u00e1laga<\/strong>. Desde entonces no ha\u00a0logrado desbancar de la titularidad a Carlos Kameni, por lo que no\u00a0ha tenido ni un solo minuto en la liga de <strong>Espa\u00f1a<\/strong>.<\/p>\n<p>El panorama se oscurece cada vez m\u00e1s para <strong>Memo Ochoa<\/strong>. Y en el conjunto andaluz las posibilidades para que tenga continuidad son m\u00ednimas, sobre todo despu\u00e9s de que este jueves <a href=\"http:\/\/futboltotal.com.mx\/2016\/02\/se-agotan-opciones-de-ochoa-en-el-malaga\/\">el club confirm\u00f3 la renovaci\u00f3n de contrato del camerun\u00e9s Carlos Kameni, quien ha quedado ligado al club hasta 2020<\/a>.<\/p>\n<p>En el pasado mercado invernal, <strong>Ochoa<\/strong> no pudo cambiar de club, pues la directiva malaguista no recibi\u00f3 ofertas formales por su traspaso.\u00a0Sin embargo, se espera que el pr\u00f3ximo verano sea distinto, toda vez que el canterano del Am\u00e9rica\u00a0dejar\u00e1 de ocupar plaza de extranjero, situaci\u00f3n que le abrir\u00eda las puertas de\u00a0alg\u00fan club de la liga de <strong>Espa\u00f1a<\/strong>.<\/p>\n<p style=\"text-align: center;\"><span style=\"color: #3366ff;\"><strong><a style=\"color: #3366ff;\" href=\"http:\/\/futboltotal.com.mx\/2016\/02\/memo-ochoa-titular-y-victoria-con-el-malaga\/\">LEER M\u00c1S: Memo Ochoa fue titular en victoria del M\u00e1laga<\/a><\/strong><\/span><\/p>\n<p>Aunque luce demasiado lejana la posibilidad de llegar\u00a0al Real Madrid, Barcelona o Atl\u00e9tico de Madrid, <strong>Memo Ochoa<\/strong> tiene posibilidades de buscar acomodo en cuatro de los 20 equipos del campeonato:\u00a0<strong>Real Sociedad<\/strong>,<strong> Athletic de Bilbao<\/strong>,<strong> Deportivo La Coru\u00f1a<\/strong> y<strong> Rayo Vallecano<\/strong>.<\/p>\n<p>Al margen del desempe\u00f1o que cada uno de ellos tienen en la presente temporada y de si pueden ofrecerle jugar por primera vez Champions League o Europa League, son los \u00fanicos clubes que no tienen definido la continuidad de sus porteros. <strong>El Bilbao es un caso muy especial, pues tendr\u00eda que olvidarse de la premisa b\u00e1sica del club: solo jugadores vascos juegan en el equipo.<\/strong> \u00bfAlguno de ellos es una buena opci\u00f3n para <strong>Guillermo Ochoa<\/strong>?<\/p>\n<p><a href=\"http:\/\/futboltotal.com.mx\/wp-content\/uploads\/2016\/02\/Opcionesdeochoa.jpg\" rel=\"attachment wp-att-356507\"><img decoding=\"async\" loading=\"lazy\" class=\"alignnone size-full wp-image-356507\" src=\"http:\/\/futboltotal.com.mx\/wp-content\/uploads\/2016\/02\/Opcionesdeochoa.jpg\" alt=\"Opcionesdeochoa\" srcset=\"http:\/\/desarrollo.grupomedios.com\/futbol\/wp-content\/uploads\/2016\/02\/Opcionesdeochoa.jpg 940w, http:\/\/desarrollo.grupomedios.com\/futbol\/wp-content\/uploads\/2016\/02\/Opcionesdeochoa-300x251.jpg 300w, http:\/\/desarrollo.grupomedios.com\/futbol\/wp-content\/uploads\/2016\/02\/Opcionesdeochoa-768x644.jpg 768w\" sizes=\"(max-width: 940px) 100vw, 940px\" \/><\/a><\/p>\n<p>&nbsp;<\/p>\n","protected":false},"excerpt":{"rendered":"<p>Cuatro clubes espa\u00f1oles podr\u00edan interesarse en el portero mexicano<\/p>\n","protected":false},"author":20,"featured_media":356496,"comment_status":"closed","ping_status":"closed","sticky":false,"template":"","format":"standard","meta":[],"categories":[5,3839,3844,6718],"tags":[5991,306,679,4545],"_links":{"self":[{"href":"http:\/\/desarrollo.grupomedios.com\/futbol\/wp-json\/wp\/v2\/posts\/356477"}],"collection":[{"href":"http:\/\/desarrollo.grupomedios.com\/futbol\/wp-json\/wp\/v2\/posts"}],"about":[{"href":"http:\/\/desarrollo.grupomedios.com\/futbol\/wp-json\/wp\/v2\/types\/post"}],"author":[{"embeddable":true,"href":"http:\/\/desarrollo.grupomedios.com\/futbol\/wp-json\/wp\/v2\/users\/20"}],"replies":[{"embeddable":true,"href":"http:\/\/desarrollo.grupomedios.com\/futbol\/wp-json\/wp\/v2\/comments?post=356477"}],"version-history":[{"count":0,"href":"http:\/\/desarrollo.grupomedios.com\/futbol\/wp-json\/wp\/v2\/posts\/356477\/revisions"}],"wp:featuredmedia":[{"embeddable":true,"href":"http:\/\/desarrollo.grupomedios.com\/futbol\/wp-json\/wp\/v2\/media\/356496"}],"wp:attachment":[{"href":"http:\/\/desarrollo.grupomedios.com\/futbol\/wp-json\/wp\/v2\/media?parent=356477"}],"wp:term":[{"taxonomy":"category","embeddable":true,"href":"http:\/\/desarrollo.grupomedios.com\/futbol\/wp-json\/wp\/v2\/categories?post=356477"},{"taxonomy":"post_tag","embeddable":true,"href":"http:\/\/desarrollo.grupomedios.com\/futbol\/wp-json\/wp\/v2\/tags?post=356477"}],"curies":[{"name":"wp","href":"https:\/\/api.w.org\/{rel}","templated":true}]}}