{"id":356627,"date":"2016-02-12T09:17:59","date_gmt":"2016-02-12T15:17:59","guid":{"rendered":"http:\/\/futboltotal.com.mx\/?p=356627"},"modified":"2016-03-22T10:10:13","modified_gmt":"2016-03-22T16:10:13","slug":"fichajes-que-fueron-una-locura-y-no-rindieron","status":"publish","type":"post","link":"http:\/\/desarrollo.grupomedios.com\/futbol\/destacado-home\/fichajes-que-fueron-una-locura-y-no-rindieron\/2016\/02","title":{"rendered":"Fichajes que fueron una locura y no rindieron"},"content":{"rendered":"<p><span style=\"color: #000000;\">En el futbol actual, existen muchos futbolistas que son tasados con una cl\u00e1usula de rescisi\u00f3n que provoca <strong>fichajes<\/strong> de verdadero esc\u00e1ndalo, situaci\u00f3n que obliga a un mercado inflado y, sobre todo, transferencias que en anta\u00f1o eran inimaginables.<\/span><\/p>\n<p><span style=\"color: #000000;\">Como ejemplos de esas cifras estratosf\u00e9ricas se muestran los valores en los que result\u00f3 efectiva la compra de Gareth Bale para el Real Madrid, que de acuerdo al sitio <em>Football Leaks<\/em> fue de 100 millones de euros (aunque medios en Espa\u00f1a descarten la cifra),\u00a0los 96 millones de euros con los cuales Cristiano Ronaldo aterriz\u00f3 en Chamart\u00edn y las cifras inciertas por las que Barcelona se adue\u00f1\u00f3 de los derechos de Neymar, pues seg\u00fan la fiscal\u00eda se acord\u00f3 un pago de 94.8 millones de euros, sin embargo, el crack brasile\u00f1o se mantiene en juicio por un monto de dinero que fue invertido de manera il\u00edcita.\u00a0<\/span><\/p>\n<p><span style=\"color: #000000;\">Pese al excesivo costo de los traspasos, los tres fichajes mencionados son muestra de buenas inversiones y eso se refleja en estad\u00edsticas, t\u00edtulos, camisetas vendidas y otros cuantos aspectos. Eso s\u00ed, existe el lado contrario a esta historia, contrataciones ins\u00f3litas que en su momento fueron criticadas y el tiempo ha dado la raz\u00f3n. Futbol Total te presenta algunos<strong> fichajes que fueron una locura y no rindieron.\u00a0<\/strong><\/span><\/p>\n<p><a href=\"http:\/\/www.futboltotal.com.mx\/wp-content\/uploads\/2016\/02\/Schevchenko.jpg\" rel=\"attachment wp-att-382779\"><img decoding=\"async\" loading=\"lazy\" class=\"alignnone size-full wp-image-382779\" src=\"http:\/\/www.futboltotal.com.mx\/wp-content\/uploads\/2016\/02\/Schevchenko.jpg\" alt=\"Schevchenko\" srcset=\"http:\/\/desarrollo.grupomedios.com\/futbol\/wp-content\/uploads\/2016\/02\/Schevchenko.jpg 820w, http:\/\/desarrollo.grupomedios.com\/futbol\/wp-content\/uploads\/2016\/02\/Schevchenko-300x128.jpg 300w, http:\/\/desarrollo.grupomedios.com\/futbol\/wp-content\/uploads\/2016\/02\/Schevchenko-768x328.jpg 768w\" sizes=\"(max-width: 820px) 100vw, 820px\" \/><\/a><\/p>\n<p><span style=\"color: #ff0000;\">Andriy Shevchenko | <span style=\"color: #000000;\">El ucraniano deslumbr\u00f3 r\u00e1pidamente con el Dynamo de Kyev y sus estad\u00edsticas le abrieron un lugar en la Serie A, con el poderoso Mil\u00e1n. Con el conjunto<em> rossonero<\/em> disfrut\u00f3 de sus mejores a\u00f1os, incluido un premio a mejor futbolista del mundo (Bal\u00f3n de Oro 2004).<\/span><\/span><\/p>\n<p><span style=\"color: #ff0000;\"><span style=\"color: #000000;\"> Su versatilidad, pero sobre todo, su olfato de gol, lo hicieron imprescindible en el Chelsea de Roman Abramovich y un ambicioso proyecto que buscaba conquistar Europa. Para <em>Andy<\/em> nada fue igual en Stamford Bridge y solo marc\u00f3 22 goles en 77 partidos con los Blues, mostrando un nivel muy inferior al que lo llev\u00f3 al estrellato y la cifra de la que se desprendi\u00f3 por sus servicios el magnate ruso no fue para nada menor: 46 millones de euros.\u00a0<\/span><\/span><\/p>\n<p><a href=\"http:\/\/www.futboltotal.com.mx\/wp-content\/uploads\/2016\/02\/Eliaquim-Mangala.jpg\" rel=\"attachment wp-att-382781\"><img decoding=\"async\" loading=\"lazy\" class=\"alignnone size-full wp-image-382781\" src=\"http:\/\/www.futboltotal.com.mx\/wp-content\/uploads\/2016\/02\/Eliaquim-Mangala.jpg\" alt=\"Eliaquim Mangala\" srcset=\"http:\/\/desarrollo.grupomedios.com\/futbol\/wp-content\/uploads\/2016\/02\/Eliaquim-Mangala.jpg 820w, http:\/\/desarrollo.grupomedios.com\/futbol\/wp-content\/uploads\/2016\/02\/Eliaquim-Mangala-300x128.jpg 300w, http:\/\/desarrollo.grupomedios.com\/futbol\/wp-content\/uploads\/2016\/02\/Eliaquim-Mangala-768x328.jpg 768w\" sizes=\"(max-width: 820px) 100vw, 820px\" \/><\/a><\/p>\n<p><span style=\"color: #ff0000;\">Eliaquim Mangala |\u00a0<span style=\"color: #000000;\">El central franc\u00e9s de origen congole\u00f1o, ex del Porto, es otra de las grandes inversiones del Manchester City en los \u00faltimos a\u00f1os (40 millones de euros).<\/span><\/span><\/p>\n<p><span style=\"color: #ff0000;\"><span style=\"color: #000000;\"> Los brit\u00e1nicos no esperaron a la explosi\u00f3n de Mangala y se lo llevaron a Inglaterra, donde todav\u00eda no ha demostrado todo su potencial y quiz\u00e1s no llegu\u00e9 a demostrarlo. De momento es banca de Otamendi y Demichelis, sin mencionar que para el verano, la llegada de Pep Guardiola podr\u00eda borrarle por completo del ecosistema de los <em>Citizens.<\/em>\u00a0<\/span><\/span><\/p>\n<p><a href=\"http:\/\/www.futboltotal.com.mx\/wp-content\/uploads\/2016\/02\/Gaizka-Mendieta.jpg\" rel=\"attachment wp-att-382782\"><img decoding=\"async\" loading=\"lazy\" class=\"alignnone size-full wp-image-382782\" src=\"http:\/\/www.futboltotal.com.mx\/wp-content\/uploads\/2016\/02\/Gaizka-Mendieta.jpg\" alt=\"Gaizka Mendieta\" srcset=\"http:\/\/desarrollo.grupomedios.com\/futbol\/wp-content\/uploads\/2016\/02\/Gaizka-Mendieta.jpg 820w, http:\/\/desarrollo.grupomedios.com\/futbol\/wp-content\/uploads\/2016\/02\/Gaizka-Mendieta-300x128.jpg 300w, http:\/\/desarrollo.grupomedios.com\/futbol\/wp-content\/uploads\/2016\/02\/Gaizka-Mendieta-768x328.jpg 768w\" sizes=\"(max-width: 820px) 100vw, 820px\" \/><\/a><\/p>\n<p><span style=\"color: #ff0000;\">Gaizka Mendieta | <span style=\"color: #000000;\">El<\/span><\/span><span style=\"color: #000000;\">\u00a0nacido en Bilbao fue parte de un Valencia que se qued\u00f3 a poco de conquistar Europa, luego de un proyecto que comenz\u00f3 con logros como el\u00a0t\u00edtulo de\u00a0Copa del Rey y una Supercopa de Espa\u00f1a (1999), ademas de disputar dos a\u00f1os seguidos la final de la Liga de Campeones (2000 y 2001, ante Real Madrid y Bayern Munich).<\/span><\/p>\n<p><span style=\"color: #000000;\">Por aquella \u00e9poca, Real Madrid se encaprich\u00f3 con \u00e9l, pero el Valencia prefiri\u00f3 traspasarlo al Lazio por 48 millones de euros. Fue una decisi\u00f3n err\u00f3nea para el futuro de Mendieta, que nunca lleg\u00f3 a adaptarse el juego italiano. Adem\u00e1s, la presi\u00f3n que signific\u00f3 el coste de su fichaje fue una losa que durante sus a\u00f1os en el equipo romano no pudo sacarse de encima y encima, \u00a0 las lesiones no le respetaron.<\/span><\/p>\n<p><span style=\"color: #000000;\">Mendieta regres\u00f3 a Espa\u00f1a en la temporada 2002\/03 como cedido en el Barcelona, a\u00f1o en el que Louis van Gaal fue sustituido como t\u00e9cnico cul\u00e9 a mitad de temporada por Radomir Antic. Los aficionados azulgranas recuerdan esa temporada como una de las peores de la historia reciente del club y as\u00ed se fue diluyendo un medicocampista con gran talento.<\/span><\/p>\n<p><a href=\"http:\/\/www.futboltotal.com.mx\/wp-content\/uploads\/2016\/02\/Robinho.jpg\" rel=\"attachment wp-att-382783\"><img decoding=\"async\" loading=\"lazy\" class=\"alignnone size-full wp-image-382783\" src=\"http:\/\/www.futboltotal.com.mx\/wp-content\/uploads\/2016\/02\/Robinho.jpg\" alt=\"Robinho\" srcset=\"http:\/\/desarrollo.grupomedios.com\/futbol\/wp-content\/uploads\/2016\/02\/Robinho.jpg 820w, http:\/\/desarrollo.grupomedios.com\/futbol\/wp-content\/uploads\/2016\/02\/Robinho-300x128.jpg 300w, http:\/\/desarrollo.grupomedios.com\/futbol\/wp-content\/uploads\/2016\/02\/Robinho-768x328.jpg 768w\" sizes=\"(max-width: 820px) 100vw, 820px\" \/><\/a><\/p>\n<p><span style=\"color: #ff0000;\">Robinho | <span style=\"color: #000000;\">Considerado por muchos a inicios del siglo como el sucesor de Pel\u00e9, el habilidoso futbolista deslumbr\u00f3 con sus bicicletas pero fue puro show y su talento se plasm\u00f3 de manera intermitente en el rect\u00e1ngulo verde. Tras un rendimiento asombroso en el Santos aterriz\u00f3 como el refuerzo estelar del Real Madrid en la era de los Gal\u00e1cticos aunque lejos qued\u00f3 de serlo.\u00a0<\/span><\/span><\/p>\n<p><span style=\"color: #000000;\">Regres\u00f3 al Santos y el Manchester City le brind\u00f3 otra oportunidad en Europa a precio de 43 millones de euros por adue\u00f1arse de su carta. No rindi\u00f3 y sigui\u00f3 con sus idas y vueltas a su tierra natal. Al futbol de China tambi\u00e9n fue a ganar millones gracias a su cartel pero de nuevo no funcion\u00f3. Recientemente fich\u00f3 con el Atl\u00e9tico Mineiro equipo que, ofreci\u00f3 m\u00e1s dinero que el Santos, el club en el que fue forjado.\u00a0<\/span><\/p>\n<p><a href=\"http:\/\/www.futboltotal.com.mx\/wp-content\/uploads\/2016\/02\/Andy-Carroll.jpg\" rel=\"attachment wp-att-382784\"><img decoding=\"async\" loading=\"lazy\" class=\"alignnone size-full wp-image-382784\" src=\"http:\/\/www.futboltotal.com.mx\/wp-content\/uploads\/2016\/02\/Andy-Carroll.jpg\" alt=\"Andy Carroll\" srcset=\"http:\/\/desarrollo.grupomedios.com\/futbol\/wp-content\/uploads\/2016\/02\/Andy-Carroll.jpg 820w, http:\/\/desarrollo.grupomedios.com\/futbol\/wp-content\/uploads\/2016\/02\/Andy-Carroll-300x128.jpg 300w, http:\/\/desarrollo.grupomedios.com\/futbol\/wp-content\/uploads\/2016\/02\/Andy-Carroll-768x328.jpg 768w\" sizes=\"(max-width: 820px) 100vw, 820px\" \/><\/a><\/p>\n<p><span style=\"color: #ff0000;\">Andy Carroll | \u00a0<span style=\"color: #000000;\">El Liverpool pag\u00f3 40 millones de euros por hacerse con los servicios del jugador en 2011, luego de que rompi\u00f3 las redes una y otra ocasi\u00f3n con Newcastle. El poderoso atacante no repiti\u00f3 esas brillantes actuaciones y fue cedido al West Ham tan solo un a\u00f1os despu\u00e9s, tras unos paup\u00e9rrimos n\u00fameros: 42 partidos y seis goles. Jam\u00e1s regres\u00f3 al nivel que lo catapult\u00f3 hasta la selecci\u00f3n de Inglaterra y en la actualidad, se mantiene con los <em>Hammers<\/em> metiendo goles ocasionales.\u00a0<\/span><\/span><\/p>\n<p style=\"text-align: center;\"><strong><span style=\"color: #3366ff;\"><a style=\"color: #3366ff;\" href=\"http:\/\/futboltotal.com.mx\/2016\/02\/messi-a-dos-goles-de-ensanchar-su-historia\/\">LEER M\u00c1S: Lionel Messi, a dos goles de ensanchar su historia.<\/a><\/span><\/strong><\/p>\n","protected":false},"excerpt":{"rendered":"<p>Se convirtieron en transferencias so\u00f1adas y se fueron como la gran pesadilla de los fan\u00e1ticos<\/p>\n","protected":false},"author":20,"featured_media":356628,"comment_status":"closed","ping_status":"closed","sticky":false,"template":"","format":"standard","meta":[],"categories":[5,3839],"tags":[1720,6786,6784,640,6785,521],"_links":{"self":[{"href":"http:\/\/desarrollo.grupomedios.com\/futbol\/wp-json\/wp\/v2\/posts\/356627"}],"collection":[{"href":"http:\/\/desarrollo.grupomedios.com\/futbol\/wp-json\/wp\/v2\/posts"}],"about":[{"href":"http:\/\/desarrollo.grupomedios.com\/futbol\/wp-json\/wp\/v2\/types\/post"}],"author":[{"embeddable":true,"href":"http:\/\/desarrollo.grupomedios.com\/futbol\/wp-json\/wp\/v2\/users\/20"}],"replies":[{"embeddable":true,"href":"http:\/\/desarrollo.grupomedios.com\/futbol\/wp-json\/wp\/v2\/comments?post=356627"}],"version-history":[{"count":0,"href":"http:\/\/desarrollo.grupomedios.com\/futbol\/wp-json\/wp\/v2\/posts\/356627\/revisions"}],"wp:featuredmedia":[{"embeddable":true,"href":"http:\/\/desarrollo.grupomedios.com\/futbol\/wp-json\/wp\/v2\/media\/356628"}],"wp:attachment":[{"href":"http:\/\/desarrollo.grupomedios.com\/futbol\/wp-json\/wp\/v2\/media?parent=356627"}],"wp:term":[{"taxonomy":"category","embeddable":true,"href":"http:\/\/desarrollo.grupomedios.com\/futbol\/wp-json\/wp\/v2\/categories?post=356627"},{"taxonomy":"post_tag","embeddable":true,"href":"http:\/\/desarrollo.grupomedios.com\/futbol\/wp-json\/wp\/v2\/tags?post=356627"}],"curies":[{"name":"wp","href":"https:\/\/api.w.org\/{rel}","templated":true}]}}