{"id":356643,"date":"2016-02-12T13:45:57","date_gmt":"2016-02-12T19:45:57","guid":{"rendered":"http:\/\/futboltotal.com.mx\/?p=356643"},"modified":"2016-02-12T16:43:58","modified_gmt":"2016-02-12T22:43:58","slug":"en-vivo-benfica-vs-porto","status":"publish","type":"post","link":"http:\/\/desarrollo.grupomedios.com\/futbol\/futbol-internacional\/en-vivo-benfica-vs-porto\/2016\/02","title":{"rendered":"As\u00ed se vivi\u00f3 | Benfica 1-2 Porto"},"content":{"rendered":"<p><span style=\"color: #ff0000;\">94:00<\/span> | Final del partido. Con anotaciones de H\u00e9ctor Herrera y Aboubakar, Porto gana el Cl\u00e1sico de Portugal.<\/p>\n<p><span style=\"color: #ff0000;\">90:00<\/span> | El \u00e1rbitro agrega cuatro\u00a0minutos.<\/p>\n<p><span style=\"color: #ff0000;\">87:00<\/span> | Los \u00e1nimos terminaron calientes, se arm\u00f3 la bronca y por eso Lay\u00fan sali\u00f3 con la tarjeta amarilla.<\/p>\n<p><span style=\"color: #ff0000;\">85:00<\/span> | Todo parece indicar que las redes no se mover\u00e1n m\u00e1s, Porto s\u00f3lo se dedica a defender la ventaja.<\/p>\n<p><span style=\"color: #ff0000;\">80:00<\/span> | Benfica hizo su tercera modificaci\u00f3n, se va Eliseu e ingresa Salvio. Ra\u00fal Jim\u00e9nez se qued\u00f3 con las ganas de jugar.<\/p>\n<p><span style=\"color: #ff0000;\">77:00<\/span> | Las \u00c1guilas no ceden el bal\u00f3n, pero tampoco pueden pasar de tres cuartos de la cancha.<\/p>\n<p><span style=\"color: #ff0000;\">73:00<\/span> | Cambio del Porto, se va Andr\u00e9 Andr\u00e9 e ingresa Rub\u00e9n Neves.<\/p>\n<p><span style=\"color: #ff0000;\">71:00<\/span> | Benfica no reacciona luego de permitir que le dieran la vuelta al marcador.<\/p>\n<p><span style=\"color: #ff0000;\">67:00<\/span> | Mitroglou se qued\u00f3 cerca de igualar el marcador, pero Iker volvi\u00f3 a rechazar la pelota.<\/p>\n<p><span style=\"color: #ff0000;\">64:00<\/span> | \u00a1Goooooool del Porto! Triangulaci\u00f3n de los Dragones que termin\u00f3 por definir Aboubakar.<\/p>\n<p><iframe loading=\"lazy\" src=\"https:\/\/vine.co\/v\/ingAVhTm3eO\/embed\/simple\" frameborder=\"0\"><\/iframe><script src=\"https:\/\/platform.vine.co\/static\/scripts\/embed.js\"><\/script><\/p>\n<p><span style=\"color: #ff0000;\">62:00<\/span> | La afici\u00f3n se desesper\u00f3 y comenz\u00f3 a arrojar objetos a la cancha.<\/p>\n<p><span style=\"color: #ff0000;\">58:00<\/span> | Cambio del Porto, se va Tecatito que no pudo hacer mucho en el partido e ingresa Moussa Marega.<\/p>\n<p><span style=\"color: #ff0000;\">55:00<\/span> | Las \u00c1guilas no han aprovechado sus tiros de esquina, ahora Gait\u00e1n fue el que remat\u00f3 muy d\u00e9bil y por eso el esf\u00e9rico se qued\u00f3 a medio camino.<\/p>\n<p><span style=\"color: #ff0000;\">52:00<\/span> | \u00a1Iker vuelve a ser factor! en un contragolpe que comand\u00f3 Jonas y termin\u00f3 por disparar Gait\u00e1n, el arquero espa\u00f1ol se impuso en el mano a mano.<\/p>\n<p><span style=\"color: #ff0000;\">51:00<\/span> | El juego se torn\u00f3 en una pelea por el medio campo.<\/p>\n<p><span style=\"color: #ff0000;\">47:00<\/span> | A diferencia del primer tiempo, Porto es el que propone el juego ofensivo.<\/p>\n<p><span style=\"color: #ff0000;\">45:00<\/span> | Arranca el segundo tiempo.<\/p>\n<p><span style=\"color: #ff0000;\">45:00<\/span> | Acaba el primer tiempo. Benfica ganaba con gol de Mitroglou pero H\u00e9ctor Herrera empat\u00f3 el cotejo.<\/p>\n<p><span style=\"color: #ff0000;\">43:00<\/span> | Samaris se quit\u00f3 la marca de Lay\u00fan y sac\u00f3 potente disparo que termin\u00f3 en las gradas.<\/p>\n<p><span style=\"color: #ff0000;\">42:00<\/span> | Herrera casi hace el segundo. Lay\u00fan desbord\u00f3, se la dej\u00f3 a Andr\u00e9 que a su vez retras\u00f3 para HH que de primera le peg\u00f3 y la mand\u00f3 por medio metro fuera del arco.<\/p>\n<p><span style=\"color: #ff0000;\">40:00<\/span> | El que a\u00fan no aparece es el Tecatito, consecuencia de la nula generaci\u00f3n de juego ofensivo del Porto.<\/p>\n<p><span style=\"color: #ff0000;\">37:00<\/span> | \u00a1Incre\u00edble, la que se comi\u00f3 Mitroglou! El ariete hel\u00e9nico estaba solo con porter\u00eda abierta y la mand\u00f3 por un lado de la meta.<\/p>\n<p><span style=\"color: #ff0000;\">34:00<\/span> | \u00a1Ikeeeeer! El portero espa\u00f1ol salv\u00f3 a su equipo del segundo, tras el disparo de media vuelta de Jonas.<\/p>\n<p><span style=\"color: #ff0000;\">32:00<\/span> | La que estaba armando la defensa del Porto, Mitroglou estuvo cerca de robarles la pelota en el \u00e1rea grande.<\/p>\n<p><span style=\"color: #ff0000;\">30:00<\/span> | Aunque Benfica dominaba por completo, los Dragones ya dividen la posesi\u00f3n del bal\u00f3n luego de la anotaci\u00f3n de Herrera.<\/p>\n<p><span style=\"color: #ff0000;\">27:00<\/span> | \u00a1Goooooooool del Porto! H\u00e9ctor Herrera dispar\u00f3 desde el centro del \u00e1rea y la coloc\u00f3 al poste derecho.<\/p>\n<p><iframe loading=\"lazy\" src=\"https:\/\/vine.co\/v\/in6xT3UzKae\/embed\/simple\" frameborder=\"0\"><\/iframe><script src=\"https:\/\/platform.vine.co\/static\/scripts\/embed.js\"><\/script><\/p>\n<p><span style=\"color: #ff0000;\">24:00<\/span> | \u00a1Uf! Fuerte golpe que se llev\u00f3 Gait\u00e1n, las \u00c1guilas hicieron una triangulaci\u00f3n de ensue\u00f1o, pero cuando el dorsal 10 intent\u00f3 rematar choc\u00f3 con un defensa rival y se qued\u00f3 tendido en el cesped.<\/p>\n<p><span style=\"color: #ff0000;\">21:00<\/span> | Los Dragones ten\u00edan una oportunidad de oro desde un tiro libre, pero el centro con comba de Lay\u00fan no encontr\u00f3 rematador.<\/p>\n<p><span style=\"color: #ff0000;\">17:00<\/span> | \u00a1Gooooooool del Benfica! Sanches mand\u00f3 el bal\u00f3n entre los defensas para que Mitroglou quedara mano a mano. El griego no perdon\u00f3 y firm\u00f3 su decimotercera anotaci\u00f3n en la temporada.<\/p>\n<p><iframe loading=\"lazy\" src=\"https:\/\/vine.co\/v\/in6FmKgYLah\/embed\/simple\" frameborder=\"0\"><\/iframe><script src=\"https:\/\/platform.vine.co\/static\/scripts\/embed.js\"><\/script><\/p>\n<p><span style=\"color: #ff0000;\">16:00<\/span> | Porto es un espectador m\u00e1s, las \u00c1guilas no les ceden el bal\u00f3n.<\/p>\n<p><span style=\"color: #ff0000;\">14:00<\/span> | Cero y van dos. Pizzi entr\u00f3 por el lado derecho, recort\u00f3 al centro y dispar\u00f3 cruzado, aunque su intento se fue por un lado, Iker ya no pod\u00eda hacer nada.<\/p>\n<p><span style=\"color: #ff0000;\">12:00<\/span> | \u00a1Uy! Mitroglou la recibi\u00f3 en el \u00e1rea, al ver que no pod\u00eda tirar, mand\u00f3 un centro que por poco lo remata Jonas.<\/p>\n<p><span style=\"color: #ff0000;\">10:00<\/span> | Potente disparo de Eliseu que pasa por encima de la porter\u00eda de Iker Casillas.<\/p>\n<p><span style=\"color: #ff0000;\">06:00<\/span> | Los Dragones la tocaron por el centro y abrieron a la banda de Lay\u00fan, que por su parte sac\u00f3 un centro que no alarm\u00f3 a la zaga rival.<\/p>\n<p><span style=\"color: #ff0000;\">04:00<\/span> | Poco a poco Porto sale de su cancha, pero Benfica encuentra espacios por la banda izquierda.<\/p>\n<p><span style=\"color: #ff0000;\">02:00<\/span> | Las \u00c1guilas empiezan a presionar la salida del rival, mientras los cantos retumban en el estadio.<\/p>\n<p><span style=\"color: #ff0000;\">00:00<\/span> | Arranca el partido.<\/p>\n<p><span style=\"color: #ff0000;\">00:00<\/span> | Comienza el protocolo de la liga.<\/p>\n<p><span style=\"color: #ff0000;\">00:00<\/span>\u00a0| Alineaci\u00f3n <strong>PORTO<\/strong>: Iker Casillas, Maxi Pereira, Chidozie Awaziem, Martins Indi, Miguel Lay\u00fan,\u00a0Danilo, H\u00e9ctor Herrera, Andr\u00e9 Andr\u00e9, Yacine Brahimi, Vincent Aboubakar y Jes\u00fas Corona.<\/p>\n<p><span style=\"color: #ff0000;\">00:00<\/span>\u00a0| Alineaci\u00f3n <strong>BENFICA<\/strong>: Julio Cesar, Andr\u00e9 Almeida, Jardel Nivaldo,\u00a0Victor Lindel\u00f6f, Eliseu Pereira, Andreas Samaris, Renato Sanches, Pizzi, Nicol\u00e1s Gait\u00e1n, Jonas Gon\u00e7alves\u00a0y Kostas Mitroglou.<\/p>\n<p>La jornada 22 de la Primera Liga de Portugal abre su actividad este viernes con el mejor partido posible, el Supercl\u00e1sico entre <strong>Benfica<\/strong> y <strong>Porto<\/strong>.<\/p>\n<p>Los <em>Dragones<\/em> contar\u00e1n con la participaci\u00f3n de los tres mexicanos si todo se mantiene como de costumbre bajo las \u00f3rdenes de Jos\u00e9 Peseiro: Miguel Lay\u00fan, H\u00e9ctor Herrera y Jes\u00fas Manuel Corona, que buscar\u00e1n sacudirse el <strong><span style=\"color: #3366ff;\"><a style=\"color: #3366ff;\" href=\"http:\/\/futboltotal.com.mx\/2016\/02\/porto-pierde-de-manera-sorpresiva-en-casa-ante-el-arouca\/\">p\u00e9simo resultado de la jornada anterior ante el Arouca<\/a><\/span><\/strong>\u00a0y qu\u00e9 mejor rival que el Benfica, su antag\u00f3nico y l\u00edder la competencia, entidad en la que podr\u00eda tener minutos otro connacional, Ra\u00fal Jim\u00e9nez.<\/p>\n<p>El entrenador del <strong>Port<\/strong>o, Jos\u00e9 Peseiro, ha mantenido de manera constante a la tercia mexicana en la plantilla titular desde que tom\u00f3 las riendas del equipo y para este enfrentamiento no hubo cambios. En el otro banquillo, se espera que el director t\u00e9cnico del <strong>Benfica<\/strong>, Rui Vit\u00f3ria, mantenga en su cuadro a los autores de los goles en el duelo anterior, el griego Konstantinos Mitroglou y el brasile\u00f1o Jonas.<\/p>\n<p style=\"text-align: center;\"><strong><a style=\"color: #3366ff;\" href=\"http:\/\/futboltotal.com.mx\/2016\/02\/fichajes-que-fueron-una-locura-y-no-rindieron\/\">LEER M\u00c1S: Fichajes que fueron una locura y no rindieron<\/a><\/strong><\/p>\n<p>El duelo m\u00e1s importante del balompi\u00e9 portugu\u00e9s\u00a0se llevar\u00e1 a cabo en el Estadio de la Luz, casa del Benfica, este viernes a las 14:30 horas, tiempo del centro de M\u00e9xico.\u00a0El anfitri\u00f3n\u00a0se mantiene como l\u00edder de la competencia, al empatar con 52 puntos con el Sporting Lisboa; el <strong>Porto<\/strong> se ha estancado y se encuentra seis unidades por debajo de los comandantes de la tabla, con 46 puntos acumulados.<\/p>\n<p>\u00bfCu\u00e1l es tu pron\u00f3stico para el <strong>Benfica vs. Porto<\/strong>, <em>crack<\/em>?<\/p>\n","protected":false},"excerpt":{"rendered":"<p>Duelo de mexicanos en el Supercl\u00e1sico de Portugal <\/p>\n","protected":false},"author":20,"featured_media":356733,"comment_status":"closed","ping_status":"closed","sticky":false,"template":"","format":"standard","meta":[],"categories":[3839,6718],"tags":[6060,5995,1035,1208,742,6045],"_links":{"self":[{"href":"http:\/\/desarrollo.grupomedios.com\/futbol\/wp-json\/wp\/v2\/posts\/356643"}],"collection":[{"href":"http:\/\/desarrollo.grupomedios.com\/futbol\/wp-json\/wp\/v2\/posts"}],"about":[{"href":"http:\/\/desarrollo.grupomedios.com\/futbol\/wp-json\/wp\/v2\/types\/post"}],"author":[{"embeddable":true,"href":"http:\/\/desarrollo.grupomedios.com\/futbol\/wp-json\/wp\/v2\/users\/20"}],"replies":[{"embeddable":true,"href":"http:\/\/desarrollo.grupomedios.com\/futbol\/wp-json\/wp\/v2\/comments?post=356643"}],"version-history":[{"count":0,"href":"http:\/\/desarrollo.grupomedios.com\/futbol\/wp-json\/wp\/v2\/posts\/356643\/revisions"}],"wp:featuredmedia":[{"embeddable":true,"href":"http:\/\/desarrollo.grupomedios.com\/futbol\/wp-json\/wp\/v2\/media\/356733"}],"wp:attachment":[{"href":"http:\/\/desarrollo.grupomedios.com\/futbol\/wp-json\/wp\/v2\/media?parent=356643"}],"wp:term":[{"taxonomy":"category","embeddable":true,"href":"http:\/\/desarrollo.grupomedios.com\/futbol\/wp-json\/wp\/v2\/categories?post=356643"},{"taxonomy":"post_tag","embeddable":true,"href":"http:\/\/desarrollo.grupomedios.com\/futbol\/wp-json\/wp\/v2\/tags?post=356643"}],"curies":[{"name":"wp","href":"https:\/\/api.w.org\/{rel}","templated":true}]}}