{"id":356652,"date":"2016-02-12T10:53:02","date_gmt":"2016-02-12T16:53:02","guid":{"rendered":"http:\/\/futboltotal.com.mx\/?p=356652"},"modified":"2016-02-12T10:54:41","modified_gmt":"2016-02-12T16:54:41","slug":"espectacular-presentacion-de-raul-gudino-con-madeira","status":"publish","type":"post","link":"http:\/\/desarrollo.grupomedios.com\/futbol\/destacado-home\/espectacular-presentacion-de-raul-gudino-con-madeira\/2016\/02","title":{"rendered":"Espectacular presentaci\u00f3n de Gudi\u00f1o con Madeira"},"content":{"rendered":"<p>Un gran giro en el destino de<strong>\u00a0Ra\u00fal Gudi\u00f1o<\/strong> se plasm\u00f3 esta semana. Apenas el mi\u00e9rcoles se manten\u00eda entrenando con el Porto \u00a0y horas despu\u00e9s se confirm\u00f3 su cambio de club, al\u00a0<strong>Uni\u00f3n Madeira<\/strong>, por lo que resta de la temporada y amanera de pr\u00e9stamo, en una transferencia que se concret\u00f3 por una lesi\u00f3n del portero titular, Andr\u00e9 Moreira.<\/p>\n<p>Este viernes fue la presentaci\u00f3n de Ra\u00fal Gudi\u00f1o para tener su primer d\u00eda como elemento del club con el que estar\u00e1 por lo que resta de la temporada.<\/p>\n<div id=\"fb-root\"><\/div>\n<p><script>\/\/ <![CDATA[\n(function(d, s, id) { var js, fjs = d.getElementsByTagName(s)[0]; if (d.getElementById(id)) return; js = d.createElement(s); js.id = id; js.src = \"\/\/connect.facebook.net\/es_ES\/sdk.js#xfbml=1&#038;version=v2.3\"; fjs.parentNode.insertBefore(js, fjs);}(document, 'script', 'facebook-jssdk'));\n\/\/ ]]><\/script><\/p>\n<div class=\"fb-post\" data-href=\"https:\/\/www.facebook.com\/Clubefuteboluniaodamadeira\/posts\/961050470646892\" data-width=\"500\">\n<div class=\"fb-xfbml-parse-ignore\">\n<blockquote cite=\"https:\/\/www.facebook.com\/Clubefuteboluniaodamadeira\/posts\/961050470646892\"><p>Boa tarde. Apresentado na manh\u00e3 desta sexta-feira, Raul Gudi\u00f1o j\u00e1 est\u00e1 inscrito na Liga de Clubes, estando \u00e0 disposi\u00e7\u00e3o&#8230;<\/p>\n<p>Posted by <a href=\"https:\/\/www.facebook.com\/Clubefuteboluniaodamadeira\/\">Clube de Futebol Uni\u00e3o da Madeira<\/a> on\u00a0<a href=\"https:\/\/www.facebook.com\/Clubefuteboluniaodamadeira\/posts\/961050470646892\">Viernes, 12 de febrero de 2016<\/a><\/p><\/blockquote>\n<\/div>\n<\/div>\n<p>&#8220;La Uni\u00f3n es un club muy grande, estoy muy agradecido por la oportunidad que me est\u00e1 dase\u00f1al\u00f3 <strong>Ra\u00fal Gudi\u00f1o<\/strong> al diario <em>A Bola<\/em>.<\/p>\n<p>Con la ilusi\u00f3n de tener su debut en Primera Divisi\u00f3n, <strong>Gudi\u00f1o<\/strong> ve a su nuevo equipo como un gran paso en su carrera. Inclusive, el domingo podr\u00eda darse su debut en el <em>M\u00e1ximo Circuito de Portugal<\/em>, aunque para ello, se espera que de inmediato quede el registro del portero de 19 a\u00f1os con su nueva instituci\u00f3n, para que con ello pueda ser una opci\u00f3n para atajar en el encuentro del pr\u00f3ximo domingo ante el Arouca.<\/p>\n<p>&#8220;Para m\u00ed es un sue\u00f1o estar aqu\u00ed y quiero disfrutar de cada momento que tenga. Voy a morir en el campo, voy a morir por este su\u00e9ter, defender\u00e9 hasta la muerte del escudo que tengo en el pecho&#8221;, se\u00f1al\u00f3 el joven futbolista. &#8220;Hemos seguido su trayectoria y tuvimos la suerte de llegar a un acuerdo con el Porto\u201d, declar\u00f3 Edgar Rodrigues, director deportivo del Uni\u00f3n Madeira.<\/p>\n<p>Por \u00faltimo, se espera que de inmediato quede el registro de Gudi\u00f1o con su nueva instituci\u00f3n para que con ello pueda ser una opci\u00f3n para atajar en el encuentro del pr\u00f3ximo domingo ante el Arouca.<\/p>\n","protected":false},"excerpt":{"rendered":"<p>El mexicano podr\u00eda debutar el domingo en la Primera Divisi\u00f3n de Portugal <\/p>\n","protected":false},"author":20,"featured_media":356657,"comment_status":"closed","ping_status":"closed","sticky":false,"template":"","format":"standard","meta":[],"categories":[5,3839],"tags":[4596,6787],"_links":{"self":[{"href":"http:\/\/desarrollo.grupomedios.com\/futbol\/wp-json\/wp\/v2\/posts\/356652"}],"collection":[{"href":"http:\/\/desarrollo.grupomedios.com\/futbol\/wp-json\/wp\/v2\/posts"}],"about":[{"href":"http:\/\/desarrollo.grupomedios.com\/futbol\/wp-json\/wp\/v2\/types\/post"}],"author":[{"embeddable":true,"href":"http:\/\/desarrollo.grupomedios.com\/futbol\/wp-json\/wp\/v2\/users\/20"}],"replies":[{"embeddable":true,"href":"http:\/\/desarrollo.grupomedios.com\/futbol\/wp-json\/wp\/v2\/comments?post=356652"}],"version-history":[{"count":0,"href":"http:\/\/desarrollo.grupomedios.com\/futbol\/wp-json\/wp\/v2\/posts\/356652\/revisions"}],"wp:featuredmedia":[{"embeddable":true,"href":"http:\/\/desarrollo.grupomedios.com\/futbol\/wp-json\/wp\/v2\/media\/356657"}],"wp:attachment":[{"href":"http:\/\/desarrollo.grupomedios.com\/futbol\/wp-json\/wp\/v2\/media?parent=356652"}],"wp:term":[{"taxonomy":"category","embeddable":true,"href":"http:\/\/desarrollo.grupomedios.com\/futbol\/wp-json\/wp\/v2\/categories?post=356652"},{"taxonomy":"post_tag","embeddable":true,"href":"http:\/\/desarrollo.grupomedios.com\/futbol\/wp-json\/wp\/v2\/tags?post=356652"}],"curies":[{"name":"wp","href":"https:\/\/api.w.org\/{rel}","templated":true}]}}