{"id":356655,"date":"2016-02-12T11:23:31","date_gmt":"2016-02-12T17:23:31","guid":{"rendered":"http:\/\/futboltotal.com.mx\/?p=356655"},"modified":"2016-02-12T11:23:31","modified_gmt":"2016-02-12T17:23:31","slug":"chicharito","status":"publish","type":"post","link":"http:\/\/desarrollo.grupomedios.com\/futbol\/destacado-home\/chicharito\/2016\/02","title":{"rendered":"&#8216;Chicharito subi\u00f3 como la espuma&#8230;&#8217;"},"content":{"rendered":"<p>En los \u00faltimos\u00a0d\u00edas trascendi\u00f3 que\u00a0diversos equipos europeos ten\u00edan en la mira al <strong>Chicharito<\/strong>.\u00a0La prensa alemana afirm\u00f3 que podr\u00eda ser recambio de Robert Lewandowski en el\u00a0<strong>Bayern M\u00fanich<\/strong>, mientras que\u00a0medios ingleses publicaron que Javier Hern\u00e1ndez<strong>\u00a0<\/strong>figura en la \u00f3rbita del\u00a0<strong>Arsenal<\/strong>\u00a0y se mantiene en el radar del\u00a0<strong>Liverpool<\/strong>.<\/p>\n<p>Y ahora se confirma que los rumores s\u00ed pueden convertirse en realidad. Y es que\u00a0este viernes\u00a0el\u00a0representante del <strong>Chicharito<\/strong>\u00a0reconoci\u00f3 que ha recibido llamadas para preguntar por el delantero mexicano.<\/p>\n<p style=\"text-align: center;\"><span style=\"color: #3366ff;\"><strong><a style=\"color: #3366ff;\" href=\"http:\/\/futboltotal.com.mx\/2016\/02\/puja-en-verano-por-chicharito\/\">LEER M\u00c1S: Chicharito, entre los jugadores m\u00e1s deseados<\/a><\/strong><\/span><\/p>\n<p>\u201cEstuve en el mes de enero en Alemania. Tuve una pl\u00e1tica con la parte deportiva del club. Nos sentamos y han recibido llamadas, yo tambi\u00e9n. Pero hay un contrato y no se rompe as\u00ed nada m\u00e1s. Tiene que haber acuerdos y por ahora no hay cambios.<\/p>\n<p>&#8220;Obviamente el nombre de Javier (Hern\u00e1ndez) subi\u00f3 como la espuma, como estaba en 2010\u00a0y 2011.\u00a0Tiene un nombre en Inglaterra. Se demuestra de lo que es capaz. Sale mucho del <strong>Arsenal<\/strong>, <strong>Liverpool<\/strong>, <strong>Bayern<\/strong> (M\u00fanich) y otros en Espa\u00f1a, pero no me gusta especular&#8221;, dijo Eduardo Hern\u00e1ndez, representante del <strong>Chicharito<\/strong>.<\/p>\n<p style=\"text-align: center;\"><strong><span style=\"color: #3366ff;\"><a style=\"color: #3366ff;\" href=\"http:\/\/futboltotal.com.mx\/2016\/02\/bayern-munich-esta-interesado-en-chicharito\/\">LEER M\u00c1S: \u00bfBayern Munich piensa comprar a Chicharito?<\/a><\/span><\/strong><\/p>\n<p>Ante ello, queda claro que el marcado de verano volver\u00e1 a ser trascendental para el delantero mexicano.<\/p>\n<p>\u201cEl futbolista hoy est\u00e1 en un club y ma\u00f1ana en otro. Las ligas europeas son cercanas y las distancias m\u00e1ximo son de tres horas. Son unidos entre federaciones. Se conocen todos y act\u00faan en una misma unidad\u201d, sentenci\u00f3 el representante del <strong>Chicharito<\/strong>.<\/p>\n","protected":false},"excerpt":{"rendered":"<p>Es real el inter\u00e9s de Inglaterra, Alemania y Espa\u00f1a por el mexicano<\/p>\n","protected":false},"author":20,"featured_media":354997,"comment_status":"closed","ping_status":"closed","sticky":false,"template":"","format":"standard","meta":[],"categories":[5,3839,6718],"tags":[120,4545],"_links":{"self":[{"href":"http:\/\/desarrollo.grupomedios.com\/futbol\/wp-json\/wp\/v2\/posts\/356655"}],"collection":[{"href":"http:\/\/desarrollo.grupomedios.com\/futbol\/wp-json\/wp\/v2\/posts"}],"about":[{"href":"http:\/\/desarrollo.grupomedios.com\/futbol\/wp-json\/wp\/v2\/types\/post"}],"author":[{"embeddable":true,"href":"http:\/\/desarrollo.grupomedios.com\/futbol\/wp-json\/wp\/v2\/users\/20"}],"replies":[{"embeddable":true,"href":"http:\/\/desarrollo.grupomedios.com\/futbol\/wp-json\/wp\/v2\/comments?post=356655"}],"version-history":[{"count":0,"href":"http:\/\/desarrollo.grupomedios.com\/futbol\/wp-json\/wp\/v2\/posts\/356655\/revisions"}],"wp:featuredmedia":[{"embeddable":true,"href":"http:\/\/desarrollo.grupomedios.com\/futbol\/wp-json\/wp\/v2\/media\/354997"}],"wp:attachment":[{"href":"http:\/\/desarrollo.grupomedios.com\/futbol\/wp-json\/wp\/v2\/media?parent=356655"}],"wp:term":[{"taxonomy":"category","embeddable":true,"href":"http:\/\/desarrollo.grupomedios.com\/futbol\/wp-json\/wp\/v2\/categories?post=356655"},{"taxonomy":"post_tag","embeddable":true,"href":"http:\/\/desarrollo.grupomedios.com\/futbol\/wp-json\/wp\/v2\/tags?post=356655"}],"curies":[{"name":"wp","href":"https:\/\/api.w.org\/{rel}","templated":true}]}}