{"id":356741,"date":"2016-02-13T08:00:48","date_gmt":"2016-02-13T14:00:48","guid":{"rendered":"http:\/\/futboltotal.com.mx\/?p=356741"},"modified":"2016-02-13T14:17:28","modified_gmt":"2016-02-13T20:17:28","slug":"los-5-mejores-goles-de-rafa-marquez","status":"publish","type":"post","link":"http:\/\/desarrollo.grupomedios.com\/futbol\/videos\/los-5-mejores-goles-de-rafa-marquez\/2016\/02","title":{"rendered":"Los 5 mejores goles de Rafa M\u00e1rquez"},"content":{"rendered":"<p>El 13 de febrero de 1979 naci\u00f3 en Zamora, Michoac\u00e1n, un peque\u00f1o destinado a la grandeza, <strong><em>Rafa<\/em> M\u00e1rquez<\/strong>, que hoy a sus <strong>37 a\u00f1os<\/strong> de edad, el defensa vive la recta final de su carrera, misma en la que no se cans\u00f3 de ganar sobre todo con Barcelona. Al ser uno de los mejores futbolistas mexicanos en la historia lo celebramos recordando sus <strong>cinco mejores goles<\/strong>.<\/p>\n<p>[video_player]https:\/\/player.vimeo.com\/external\/155146207.sd.mp4?s=a7161146b9f23ad9ab7517994c37f26dc95d1eb6&amp;profile_id=112[\/video_player]<\/p>\n","protected":false},"excerpt":{"rendered":"<p>El K\u00e1iser cumpli\u00f3 37 a\u00f1os de edad <\/p>\n","protected":false},"author":20,"featured_media":356742,"comment_status":"closed","ping_status":"closed","sticky":false,"template":"","format":"standard","meta":[],"categories":[2198,3845,6381,4],"tags":[6033],"_links":{"self":[{"href":"http:\/\/desarrollo.grupomedios.com\/futbol\/wp-json\/wp\/v2\/posts\/356741"}],"collection":[{"href":"http:\/\/desarrollo.grupomedios.com\/futbol\/wp-json\/wp\/v2\/posts"}],"about":[{"href":"http:\/\/desarrollo.grupomedios.com\/futbol\/wp-json\/wp\/v2\/types\/post"}],"author":[{"embeddable":true,"href":"http:\/\/desarrollo.grupomedios.com\/futbol\/wp-json\/wp\/v2\/users\/20"}],"replies":[{"embeddable":true,"href":"http:\/\/desarrollo.grupomedios.com\/futbol\/wp-json\/wp\/v2\/comments?post=356741"}],"version-history":[{"count":0,"href":"http:\/\/desarrollo.grupomedios.com\/futbol\/wp-json\/wp\/v2\/posts\/356741\/revisions"}],"wp:featuredmedia":[{"embeddable":true,"href":"http:\/\/desarrollo.grupomedios.com\/futbol\/wp-json\/wp\/v2\/media\/356742"}],"wp:attachment":[{"href":"http:\/\/desarrollo.grupomedios.com\/futbol\/wp-json\/wp\/v2\/media?parent=356741"}],"wp:term":[{"taxonomy":"category","embeddable":true,"href":"http:\/\/desarrollo.grupomedios.com\/futbol\/wp-json\/wp\/v2\/categories?post=356741"},{"taxonomy":"post_tag","embeddable":true,"href":"http:\/\/desarrollo.grupomedios.com\/futbol\/wp-json\/wp\/v2\/tags?post=356741"}],"curies":[{"name":"wp","href":"https:\/\/api.w.org\/{rel}","templated":true}]}}