{"id":356756,"date":"2016-02-12T16:25:46","date_gmt":"2016-02-12T22:25:46","guid":{"rendered":"http:\/\/futboltotal.com.mx\/?p=356756"},"modified":"2016-02-12T16:25:46","modified_gmt":"2016-02-12T22:25:46","slug":"se-pierde-generacion-dorada-de-delanteros-de-colombia","status":"publish","type":"post","link":"http:\/\/desarrollo.grupomedios.com\/futbol\/destacado-home\/se-pierde-generacion-dorada-de-delanteros-de-colombia\/2016\/02","title":{"rendered":"Se pierde generaci\u00f3n dorada de delanteros de Colombia"},"content":{"rendered":"<p>En el \u00faltimo par de a\u00f1os, <strong>Colombia<\/strong> ha visto a algunos de sus delanteros internacionales apagarse; estrellas en el ataque que fueron promesas y que m\u00e1s tarde empezaban a consolidarse pero cayeron por lesiones o baja de juego.<\/p>\n<p>Todos ellos pertenecen a la misma generaci\u00f3n y pudieron hacer de <strong>Colombia<\/strong> una potencia mundial; sin embargo, poco a poco han ido desapareciendo del mapa, por tanto ya no est\u00e1n en la mira de Jos\u00e9 Pekerman para formar parte de la selecci\u00f3n, salvo dos de ellos, que comenzaron su baja de juego, recientemente.<\/p>\n<p>La mayor\u00eda de ellos, fueron vistos por vez primera por Eduardo Lara, quien los llev\u00f3 a la selecci\u00f3n sub-20 de <strong>Colombia<\/strong>, con la que brillaron y lucieron como promesas que ilusionaron a su pa\u00eds. Cuando el estratega lleg\u00f3 al combinado mayor, los integr\u00f3 y parec\u00eda tener uno de los ataques m\u00e1s peligrosos de Sudam\u00e9rica; sin embargo, no logr\u00f3 calificar al Mundial de Sud\u00e1frica 2010 y partir de ah\u00ed, uno a uno, han bajado de nivel.<\/p>\n<p><strong>Radamel Falcao<\/strong> | Nac. 1986 | El <em>Tigre<\/em> fue madurando deportivamente, al grado de brillar en Argentina con el River Plate, hasta ser fichado por el Porto en 2009, con quienes marc\u00f3 41 goles hasta 2011, cuando emigra al Atl\u00e9tico de Madrid; con los <em>Colchoneros<\/em> marca 52 goles de 2011 a 2013, a\u00f1o en que M\u00f3naco lo contrata para la temporada 2013-14. <\/p>\n<p>La carrera del <em>Tigre<\/em>  ascend\u00eda y se perfilaba como una de las grandes figuras que tendr\u00eda el Mundial de Brasil 2014; sin embargo, una lesi\u00f3n en su rodilla, sufrida el 22 de enero de 2014, lo margin\u00f3 de la justa y tras recuperarse, no volvi\u00f3 a ser el mismo, pues tras escasos n\u00fameros con Manchester United y Chelsea, su futuro parece estar en China.<\/p>\n<p><a href=\"http:\/\/futboltotal.com.mx\/wp-content\/uploads\/2016\/02\/colombia-radamel-falcao.png\" rel=\"attachment wp-att-356771\"><img decoding=\"async\" loading=\"lazy\" src=\"http:\/\/futboltotal.com.mx\/wp-content\/uploads\/2016\/02\/colombia-radamel-falcao.png\" alt=\"colombia-radamel-falcao\" class=\"alignnone size-full wp-image-356771\" srcset=\"http:\/\/desarrollo.grupomedios.com\/futbol\/wp-content\/uploads\/2016\/02\/colombia-radamel-falcao.png 820w, http:\/\/desarrollo.grupomedios.com\/futbol\/wp-content\/uploads\/2016\/02\/colombia-radamel-falcao-300x110.png 300w, http:\/\/desarrollo.grupomedios.com\/futbol\/wp-content\/uploads\/2016\/02\/colombia-radamel-falcao-768x281.png 768w\" sizes=\"(max-width: 820px) 100vw, 820px\" \/><\/a><\/p>\n<p><strong>Hugo Rodallega<\/strong> | Nac. 1985 | Perteneciente a la generaci\u00f3n de Radamel Falcao desde la categor\u00eda Sub-20 de Colombia, <em>Rodagol <\/em>era la m\u00e1s grande promesa en el ataque cafetalero, pues logr\u00f3 un t\u00edtulo de goleo en dicha categor\u00eda en 2005, lo que lo llev\u00f3 a ser fichado con el Monterrey en 2006.<\/p>\n<p>En la Liga MX, Hugo Rodallega marc\u00f3 34 dianas con Monterrey, Atlas y Necaxa, en los distintos periodos en que estuvo con esos equipos, por lo que emigr\u00f3 al futbol europeo. Su rendimiento lo llev\u00f3 a la selecci\u00f3n de Colombia de Jorge Luis Pinto, con quienes no logr\u00f3 dar resultados, y pese a que Eduardo Lara confi\u00f3 en \u00e9l cuando tom\u00f3 el banquillo cafetalero, <em>Rodagol<\/em> no logr\u00f3 consolidarse. Actualmente juega en Turqu\u00eda.<\/p>\n<p><a href=\"http:\/\/futboltotal.com.mx\/wp-content\/uploads\/2016\/02\/colombia-hugo-rodallega.png\" rel=\"attachment wp-att-356772\"><img decoding=\"async\" loading=\"lazy\" src=\"http:\/\/futboltotal.com.mx\/wp-content\/uploads\/2016\/02\/colombia-hugo-rodallega.png\" alt=\"colombia-hugo-rodallega\" class=\"alignnone size-full wp-image-356772\" srcset=\"http:\/\/desarrollo.grupomedios.com\/futbol\/wp-content\/uploads\/2016\/02\/colombia-hugo-rodallega.png 820w, http:\/\/desarrollo.grupomedios.com\/futbol\/wp-content\/uploads\/2016\/02\/colombia-hugo-rodallega-300x110.png 300w, http:\/\/desarrollo.grupomedios.com\/futbol\/wp-content\/uploads\/2016\/02\/colombia-hugo-rodallega-768x281.png 768w\" sizes=\"(max-width: 820px) 100vw, 820px\" \/><\/a><\/p>\n<p><strong>Te\u00f3filo Guti\u00e9rrez<\/strong> | Nac. 1985 | Te\u00f3filo se integr\u00f3 a la selecci\u00f3n mayor de Colombia en 2009, para formar una dupla con Radamel Falcao, que parec\u00eda extremadamente poderosa. Con su aportaci\u00f3n, Te\u00f3filo y el Tigre obligaron a Rodallega a probar la banca del combinado <em>cafetalero<\/em>, pero a\u00fan as\u00ed, no lograron hacer que su selecci\u00f3n calificara a Sud\u00e1frica 2010; cuatro a\u00f1os despu\u00e9s, el delantero fue uno de los 23 elegidos por Jos\u00e9 Pekerman, para acudir a Brasil 2014. <\/p>\n<p>En 2013, jug\u00f3 con Cruz Azul, donde marc\u00f3 6 tantos en 21 partidos disputados, pero luego emigr\u00f3 al River Plate, con quienes anot\u00f3 22 dianas hasta 2015, cuando es fichado por el Sporting de Lisboa. Con el cuadro portugu\u00e9s, Te\u00f3filo no ha tenido mucha participaci\u00f3n, pues apenas ha jugado la mitad de los encuentros de la liga, por lo que es uno de los dos jugadores de la lista, que comenz\u00f3 su baja de juego recientemente.<\/p>\n<p><a href=\"http:\/\/futboltotal.com.mx\/wp-content\/uploads\/2016\/02\/colombia-teofilo-gutierrez.png\" rel=\"attachment wp-att-356777\"><img decoding=\"async\" loading=\"lazy\" src=\"http:\/\/futboltotal.com.mx\/wp-content\/uploads\/2016\/02\/colombia-teofilo-gutierrez.png\" alt=\"colombia-teofilo-gutierrez\" class=\"alignnone size-full wp-image-356777\" srcset=\"http:\/\/desarrollo.grupomedios.com\/futbol\/wp-content\/uploads\/2016\/02\/colombia-teofilo-gutierrez.png 820w, http:\/\/desarrollo.grupomedios.com\/futbol\/wp-content\/uploads\/2016\/02\/colombia-teofilo-gutierrez-300x110.png 300w, http:\/\/desarrollo.grupomedios.com\/futbol\/wp-content\/uploads\/2016\/02\/colombia-teofilo-gutierrez-768x281.png 768w\" sizes=\"(max-width: 820px) 100vw, 820px\" \/><\/a><\/p>\n<p><strong>Wason Renter\u00eda<\/strong>| Nac. 1985 | De la generaci\u00f3n que Eduardo Lara llev\u00f3 a competir al Mundial Sub-20 de 2005, disputada en Holanda; Wason se encontraba como la tercera opci\u00f3n detr\u00e1s de Hugo Rodallega y Radamel Falcao, para lograr una carrera exitosa, pues junto con <em>Rodagol<\/em> y el <em>Tigre<\/em>, integr\u00f3 el ataque del combinado <em>cafetalero<\/em> para aquella justa, donde s\u00f3lo marc\u00f3 un gol. M\u00e1s tarde, Lara lo llev\u00f3 al combinado mayor para reunirlo nuevamente con los dos arietes; sin embargo, tambi\u00e9n a\u00f1adi\u00f3 a su cuenta, un solo tanto en la eliminatoria a Sud\u00e1frica 2010. Actualmente juega en su pa\u00eds.<\/p>\n<p><a href=\"http:\/\/futboltotal.com.mx\/wp-content\/uploads\/2016\/02\/colombia-wason-renteria.png\" rel=\"attachment wp-att-356778\"><img decoding=\"async\" loading=\"lazy\" src=\"http:\/\/futboltotal.com.mx\/wp-content\/uploads\/2016\/02\/colombia-wason-renteria.png\" alt=\"colombia-wason-renteria\" class=\"alignnone size-full wp-image-356778\" srcset=\"http:\/\/desarrollo.grupomedios.com\/futbol\/wp-content\/uploads\/2016\/02\/colombia-wason-renteria.png 820w, http:\/\/desarrollo.grupomedios.com\/futbol\/wp-content\/uploads\/2016\/02\/colombia-wason-renteria-300x110.png 300w, http:\/\/desarrollo.grupomedios.com\/futbol\/wp-content\/uploads\/2016\/02\/colombia-wason-renteria-768x281.png 768w\" sizes=\"(max-width: 820px) 100vw, 820px\" \/><\/a><\/p>\n<p><strong>Carlos Darwin Quintero<\/strong> | Nac. 1987 | Un poco m\u00e1s joven que los dem\u00e1s, tambi\u00e9n fue dirigido por Eduardo Lara en un equipo Sub-20 de Colombia, que tambi\u00e9n se consagr\u00f3 como campe\u00f3n en los juegos Centroamericanos y del Caribe en 2006. Su desempe\u00f1o lo llev\u00f3 a jugar brevemente en Rusia durante el 2007, y en 2008, lleg\u00f3 a M\u00e9xico para hacerse figura del Santos, con quienes gan\u00f3 dos t\u00edtulos de Liga MX y anot\u00f3 66 tantos hasta 2015. <\/p>\n<p>Al ser un atacante de gran desequilibrio, el <em>cient\u00edfico del gol<\/em> se integr\u00f3 a la Selecci\u00f3n de Colombia que particip\u00f3 en las eliminatorias para los mundiales de 2010 y 2014, pero no logr\u00f3 consolidarse, por lo que dej\u00f3 de ser convocado, a partir de 2012. Actualmente con Am\u00e9rica, le ha costado regresar al nivel con el que brill\u00f3 en la Comarca Lagunera.<\/p>\n<p><a href=\"http:\/\/futboltotal.com.mx\/wp-content\/uploads\/2016\/02\/colombia-carlos-darwin-quintero.png\" rel=\"attachment wp-att-356779\"><img decoding=\"async\" loading=\"lazy\" src=\"http:\/\/futboltotal.com.mx\/wp-content\/uploads\/2016\/02\/colombia-carlos-darwin-quintero.png\" alt=\"colombia-carlos-darwin-quintero\" class=\"alignnone size-full wp-image-356779\" srcset=\"http:\/\/desarrollo.grupomedios.com\/futbol\/wp-content\/uploads\/2016\/02\/colombia-carlos-darwin-quintero.png 820w, http:\/\/desarrollo.grupomedios.com\/futbol\/wp-content\/uploads\/2016\/02\/colombia-carlos-darwin-quintero-300x110.png 300w, http:\/\/desarrollo.grupomedios.com\/futbol\/wp-content\/uploads\/2016\/02\/colombia-carlos-darwin-quintero-768x281.png 768w\" sizes=\"(max-width: 820px) 100vw, 820px\" \/><\/a><\/p>\n<p><strong>Jackson Mart\u00ednez<\/strong> | Nac. 1986 | Es de la edad del resto de los delanteros de este listado, y tambi\u00e9n fue incluido para los procesos rumbo a Sud\u00e1frica 2010 y Brasil 2014. Pese a ello, la<em> Pantera<\/em> siempre estuvo a la sombra de los dem\u00e1s arietes, pues ha tenido que esperar su oportunidad, y ante las pocos minutos que ha recibido, s\u00f3lo ha podido anotar 9 goles como seleccionado, aunque dos de ellos, fueron durante el Mundial de 2014.<\/p>\n<p>Jackson ha sido muy constante en los \u00faltimos a\u00f1os, pues con Chiapas marc\u00f3 33 goles de 2009 a 2012, y con Porto, duplic\u00f3 la cuota en el mismo tiempo de permanencia con el club; sin embargo, a partir del segundo semestre de 2015, la <em>Pantera <\/em>ha tenido una baja considerable, al grado de hacer apenas dos anotaciones con el Atl\u00e9tico de Madrid.<\/p>\n<p><a href=\"http:\/\/futboltotal.com.mx\/wp-content\/uploads\/2016\/02\/colombia-jackson-martinez.png\" rel=\"attachment wp-att-356780\"><img decoding=\"async\" loading=\"lazy\" src=\"http:\/\/futboltotal.com.mx\/wp-content\/uploads\/2016\/02\/colombia-jackson-martinez.png\" alt=\"colombia-jackson-martinez\" class=\"alignnone size-full wp-image-356780\" srcset=\"http:\/\/desarrollo.grupomedios.com\/futbol\/wp-content\/uploads\/2016\/02\/colombia-jackson-martinez.png 820w, http:\/\/desarrollo.grupomedios.com\/futbol\/wp-content\/uploads\/2016\/02\/colombia-jackson-martinez-300x110.png 300w, http:\/\/desarrollo.grupomedios.com\/futbol\/wp-content\/uploads\/2016\/02\/colombia-jackson-martinez-768x281.png 768w\" sizes=\"(max-width: 820px) 100vw, 820px\" \/><\/a><\/p>\n","protected":false},"excerpt":{"rendered":"<p>Fueron promesas desde que eran sub-20 pero ahora atraviesan momentos dif\u00edciles<\/p>\n","protected":false},"author":20,"featured_media":356767,"comment_status":"closed","ping_status":"closed","sticky":false,"template":"","format":"standard","meta":[],"categories":[5,3839,2198],"tags":[6005],"_links":{"self":[{"href":"http:\/\/desarrollo.grupomedios.com\/futbol\/wp-json\/wp\/v2\/posts\/356756"}],"collection":[{"href":"http:\/\/desarrollo.grupomedios.com\/futbol\/wp-json\/wp\/v2\/posts"}],"about":[{"href":"http:\/\/desarrollo.grupomedios.com\/futbol\/wp-json\/wp\/v2\/types\/post"}],"author":[{"embeddable":true,"href":"http:\/\/desarrollo.grupomedios.com\/futbol\/wp-json\/wp\/v2\/users\/20"}],"replies":[{"embeddable":true,"href":"http:\/\/desarrollo.grupomedios.com\/futbol\/wp-json\/wp\/v2\/comments?post=356756"}],"version-history":[{"count":0,"href":"http:\/\/desarrollo.grupomedios.com\/futbol\/wp-json\/wp\/v2\/posts\/356756\/revisions"}],"wp:featuredmedia":[{"embeddable":true,"href":"http:\/\/desarrollo.grupomedios.com\/futbol\/wp-json\/wp\/v2\/media\/356767"}],"wp:attachment":[{"href":"http:\/\/desarrollo.grupomedios.com\/futbol\/wp-json\/wp\/v2\/media?parent=356756"}],"wp:term":[{"taxonomy":"category","embeddable":true,"href":"http:\/\/desarrollo.grupomedios.com\/futbol\/wp-json\/wp\/v2\/categories?post=356756"},{"taxonomy":"post_tag","embeddable":true,"href":"http:\/\/desarrollo.grupomedios.com\/futbol\/wp-json\/wp\/v2\/tags?post=356756"}],"curies":[{"name":"wp","href":"https:\/\/api.w.org\/{rel}","templated":true}]}}