{"id":356783,"date":"2016-02-12T16:37:47","date_gmt":"2016-02-12T22:37:47","guid":{"rendered":"http:\/\/futboltotal.com.mx\/?p=356783"},"modified":"2016-02-12T16:37:47","modified_gmt":"2016-02-12T22:37:47","slug":"chicharito-con-condiciones-similares-al-kun-aguero","status":"publish","type":"post","link":"http:\/\/desarrollo.grupomedios.com\/futbol\/futbol-internacional\/chicharito-con-condiciones-similares-al-kun-aguero\/2016\/02","title":{"rendered":"Chicharito, con condiciones similares al Kun Ag\u00fcero"},"content":{"rendered":"<p>Para Juan Carlos Osorio, t\u00e9cnico de la Selecci\u00f3n Mexicana, Javier Hern\u00e1ndez tiene las mismas condiciones futbol\u00edsticas que al argentino <strong>Sergio Ag\u00fcero<\/strong>. Sin embargo, el entrenador colombiano asegur\u00f3 que el <strong>Chicharito<\/strong> supera al <em>Kun<\/em> en cuanto actitud.<\/p>\n<p>\u201cA m\u00ed no me parece que haya un gran nivel de diferencias en condiciones de un jugador como <strong>Chicharito<\/strong> y el <em>Kun<\/em> <strong>Ag\u00fcero<\/strong>. La decisi\u00f3n es muy pareja, pero Javier le puede hacer diferencia por actitud\u201d, dijo Osorio en entrevista para <em>ESPN<\/em>.<\/p>\n<p style=\"text-align: center;\"><span style=\"color: #3366ff;\"><strong><a style=\"color: #3366ff;\" href=\"http:\/\/futboltotal.com.mx\/2016\/02\/puja-en-verano-por-chicharito\/\">LEER M\u00c1S: Chicharito, entre los jugadores m\u00e1s deseados<\/a><\/strong><\/span><\/p>\n<p>El pasado martes, el delantero mexicano firm\u00f3 su cuarto gol en la DFB Pokal y lleg\u00f3 a 22 dianas con el Bayer Leverkusen, con la que confirm\u00f3 su mejor temporada en su aventura por Europa.<\/p>\n<p>Por otra parte, cabe apuntar que este viernes se dio a conocer\u00a0que el <strong>Chicharito Hern\u00e1ndez<\/strong>\u00a0estar\u00e1 fuera de acci\u00f3n entre dos y tres semanas debido a un desgarre en el gl\u00fateo izquierdo.<\/p>\n<p style=\"text-align: center;\"><span style=\"color: #3366ff;\"><strong><a style=\"color: #3366ff;\" href=\"http:\/\/futboltotal.com.mx\/2016\/02\/chicharito\/\">LEER M\u00c1S: &#8216;Chicharito subi\u00f3 como la espuma\u2026&#8217;<\/a><\/strong><\/span><\/p>\n<p>\u201cLa lesi\u00f3n de\u00a0<strong>Chicharito<\/strong>\u00a0no es muy com\u00fan. esperamos que en m\u00e1ximo dos semanas est\u00e9 de regreso. \u00bfEn cu\u00e1nto tiempo\u00a0<strong>Chicharito<\/strong>\u00a0va a estar disponible? No se puede saber concretamente\u201d, dijo Roger Schmidt, director t\u00e9cnico del\u00a0Bayer Leverkusen.<\/p>\n","protected":false},"excerpt":{"rendered":"<p>El DT del Tri no tuvo empacho en hacer la singular comparaci\u00f3n<\/p>\n","protected":false},"author":20,"featured_media":356784,"comment_status":"closed","ping_status":"closed","sticky":false,"template":"","format":"standard","meta":[],"categories":[3839,6718,5951],"tags":[120,4545],"_links":{"self":[{"href":"http:\/\/desarrollo.grupomedios.com\/futbol\/wp-json\/wp\/v2\/posts\/356783"}],"collection":[{"href":"http:\/\/desarrollo.grupomedios.com\/futbol\/wp-json\/wp\/v2\/posts"}],"about":[{"href":"http:\/\/desarrollo.grupomedios.com\/futbol\/wp-json\/wp\/v2\/types\/post"}],"author":[{"embeddable":true,"href":"http:\/\/desarrollo.grupomedios.com\/futbol\/wp-json\/wp\/v2\/users\/20"}],"replies":[{"embeddable":true,"href":"http:\/\/desarrollo.grupomedios.com\/futbol\/wp-json\/wp\/v2\/comments?post=356783"}],"version-history":[{"count":0,"href":"http:\/\/desarrollo.grupomedios.com\/futbol\/wp-json\/wp\/v2\/posts\/356783\/revisions"}],"wp:featuredmedia":[{"embeddable":true,"href":"http:\/\/desarrollo.grupomedios.com\/futbol\/wp-json\/wp\/v2\/media\/356784"}],"wp:attachment":[{"href":"http:\/\/desarrollo.grupomedios.com\/futbol\/wp-json\/wp\/v2\/media?parent=356783"}],"wp:term":[{"taxonomy":"category","embeddable":true,"href":"http:\/\/desarrollo.grupomedios.com\/futbol\/wp-json\/wp\/v2\/categories?post=356783"},{"taxonomy":"post_tag","embeddable":true,"href":"http:\/\/desarrollo.grupomedios.com\/futbol\/wp-json\/wp\/v2\/tags?post=356783"}],"curies":[{"name":"wp","href":"https:\/\/api.w.org\/{rel}","templated":true}]}}