{"id":356937,"date":"2016-02-13T08:00:19","date_gmt":"2016-02-13T14:00:19","guid":{"rendered":"http:\/\/futboltotal.com.mx\/?p=356937"},"modified":"2016-02-12T22:49:57","modified_gmt":"2016-02-13T04:49:57","slug":"la-leyenda-de-rafa-marquez","status":"publish","type":"post","link":"http:\/\/desarrollo.grupomedios.com\/futbol\/destacado-home\/la-leyenda-de-rafa-marquez\/2016\/02","title":{"rendered":"La leyenda de Rafa M\u00e1rquez"},"content":{"rendered":"<p><strong>Rafael M\u00e1rquez<\/strong> es un futbolista diferente, dio el salto al Viejo Continente con escasos juegos en Primera Divisi\u00f3n y luego de ello no hizo m\u00e1s que evolucionar a un extraordinario nivel. Con 17 a\u00f1os hizo su debut con el Atlas all\u00e1 por 1996, ya para 1999 se enrol\u00f3 en la filas del M\u00f3naco para sentar un precedente y abrir el sendero para que otros futbolistas aztecas cumplieran la ilusi\u00f3n de probar suerte en el balompi\u00e9 europeo.<\/p>\n<p>Curiosamente, sus inicios en la selecci\u00f3n se dieron tras un llamado fallido, pues el entonces t\u00e9cnico del combinado nacional, Bora Milutinovic, confundi\u00f3 su nombre y llam\u00f3 a Rafa, a partir de ah\u00ed su carrera despunt\u00f3 y \u00e9l jam\u00e1s perdi\u00f3 la oportunidad de mostrar su talento sin importar el lugar ni la circunstancia.<\/p>\n<p>Traslad\u00e9monos de nuevo a M\u00f3naco, plasm\u00f3 su estela en la primera temporada, pues se consolid\u00f3 en el puesto titular del equipo del Principado, y no solo eso, se consagr\u00f3 campe\u00f3n de la Ligue 1. Ninguna temporada consecuente fue igual a esa en lo colectivo, sin embargo, en lo individual, no hab\u00eda partido en que el zamorano quedara a deber en la zaga. Obviamente varios equipos estaban a la caza de aquel fino defensor, llegando su oportunidad de oro con el Barcelona.<\/p>\n<p style=\"text-align: center;\"><span style=\"color: #3366ff;\"><strong>LEER M\u00c1S: Los cinco mejores goles de Rafa M\u00e1rquez<\/strong><\/span><img decoding=\"async\" loading=\"lazy\" class=\"alignnone size-full wp-image-356938\" src=\"http:\/\/futboltotal.com.mx\/wp-content\/uploads\/2016\/02\/rafaleyenda.jpg\" alt=\"rafaleyenda\" srcset=\"http:\/\/desarrollo.grupomedios.com\/futbol\/wp-content\/uploads\/2016\/02\/rafaleyenda.jpg 820w, http:\/\/desarrollo.grupomedios.com\/futbol\/wp-content\/uploads\/2016\/02\/rafaleyenda-217x300.jpg 217w, http:\/\/desarrollo.grupomedios.com\/futbol\/wp-content\/uploads\/2016\/02\/rafaleyenda-768x1064.jpg 768w, http:\/\/desarrollo.grupomedios.com\/futbol\/wp-content\/uploads\/2016\/02\/rafaleyenda-739x1024.jpg 739w\" sizes=\"(max-width: 820px) 100vw, 820px\" \/><\/p>\n<p>Su llegada a la instituci\u00f3n catalana lleg\u00f3 en plena reestructura y, quiz\u00e1s, en la mejor \u00e9poca de la historia del conjunto espa\u00f1ol. <strong>Rafa M\u00e1rquez<\/strong> se adue\u00f1\u00f3 de un puesto al lado de un hist\u00f3rico como Carles Puyol. Su punto m\u00e1s alto en lo individual lleg\u00f3 en 2006 con la vuelta ol\u00edmpica tras vencer en Par\u00eds al Arsenal, por la Champions League, siendo aquel rival, uno de los mejores conjuntos hist\u00f3ricos de los Gunners, liderados por Thierry Henry.<\/p>\n<p style=\"text-align: left;\">A partir de ah\u00ed, Rafa no hizo m\u00e1s que mantener el paso, ya para 2009, con un rol con un poco menos de brillo, se consagr\u00f3 en el catalogado mejor equipo de la historia, ganando los seis t\u00edtulos disputados en la temporada. El declive lleg\u00f3, sin embargo, la calidad jam\u00e1s desaparecer\u00eda. As\u00ed fue como dej\u00f3 Catalu\u00f1a para llenarse de glamour en su paso por el Red Bulls. Nueva york le hizo cambiar y parec\u00eda ya importarle poco el futbol.<\/p>\n<p style=\"text-align: center;\"><strong><span style=\"color: #3366ff;\"><a style=\"color: #3366ff;\" href=\"http:\/\/futboltotal.com.mx\/futbol-internacional\/\">LEER M\u00c1S: Todas las noticias de futbol internacional<\/a><\/span><\/strong><\/p>\n<p>Qu\u00e9 equivocados estab\u00e1mos los que lo juzgamos prematuramente. Regres\u00f3 al futbol mexicano y cuando muchos ya quer\u00edan retirarlo, demostr\u00f3 con liderazgo y la calidad que siempre derroch\u00f3, que <strong>Rafa M\u00e1rquez<\/strong>, hab\u00eda para rato. Bicampeonato con Le\u00f3n y el l\u00edder total de la defensiva, todo eso le abri\u00f3 la puerta a un cuarto Mundial, mismo en el que hizo historia, igualando a Cuauht\u00e9moc Blanco, siendo ambos, los \u00fanicos futbolistas del pa\u00eds, en anotar gol en tres Copas del Mundo.<\/p>\n<p>Ya consagrado como referente para la instituci\u00f3n, decidi\u00f3 sacrificar toda comodidad para probar de nuevo suerte en Italia, el Hellas Verona, su nuevo hogar. Vivi\u00f3 su periplo y despu\u00e9s regres\u00f3 a M\u00e9xico una vez m\u00e1s para vivir el ep\u00edlogo de su carrera en el Atlas, el club al que anhela ayudar a ser campe\u00f3n y donde en un futuro no muy lejano lo veremos colgar las botas.<\/p>\n","protected":false},"excerpt":{"rendered":"<p>El central mexicano vive el ocaso de su carrera futbol\u00edstica tras 19 a\u00f1os como profesional<\/p>\n","protected":false},"author":20,"featured_media":356963,"comment_status":"closed","ping_status":"closed","sticky":false,"template":"","format":"standard","meta":[],"categories":[5,3839],"tags":[4358],"_links":{"self":[{"href":"http:\/\/desarrollo.grupomedios.com\/futbol\/wp-json\/wp\/v2\/posts\/356937"}],"collection":[{"href":"http:\/\/desarrollo.grupomedios.com\/futbol\/wp-json\/wp\/v2\/posts"}],"about":[{"href":"http:\/\/desarrollo.grupomedios.com\/futbol\/wp-json\/wp\/v2\/types\/post"}],"author":[{"embeddable":true,"href":"http:\/\/desarrollo.grupomedios.com\/futbol\/wp-json\/wp\/v2\/users\/20"}],"replies":[{"embeddable":true,"href":"http:\/\/desarrollo.grupomedios.com\/futbol\/wp-json\/wp\/v2\/comments?post=356937"}],"version-history":[{"count":0,"href":"http:\/\/desarrollo.grupomedios.com\/futbol\/wp-json\/wp\/v2\/posts\/356937\/revisions"}],"wp:featuredmedia":[{"embeddable":true,"href":"http:\/\/desarrollo.grupomedios.com\/futbol\/wp-json\/wp\/v2\/media\/356963"}],"wp:attachment":[{"href":"http:\/\/desarrollo.grupomedios.com\/futbol\/wp-json\/wp\/v2\/media?parent=356937"}],"wp:term":[{"taxonomy":"category","embeddable":true,"href":"http:\/\/desarrollo.grupomedios.com\/futbol\/wp-json\/wp\/v2\/categories?post=356937"},{"taxonomy":"post_tag","embeddable":true,"href":"http:\/\/desarrollo.grupomedios.com\/futbol\/wp-json\/wp\/v2\/tags?post=356937"}],"curies":[{"name":"wp","href":"https:\/\/api.w.org\/{rel}","templated":true}]}}