{"id":357020,"date":"2016-02-13T08:01:56","date_gmt":"2016-02-13T14:01:56","guid":{"rendered":"http:\/\/futboltotal.com.mx\/?p=357020"},"modified":"2016-02-13T02:01:59","modified_gmt":"2016-02-13T08:01:59","slug":"quien-es-mejor-rafa-marquez-o-hugo-sanchez","status":"publish","type":"post","link":"http:\/\/desarrollo.grupomedios.com\/futbol\/destacado-home\/quien-es-mejor-rafa-marquez-o-hugo-sanchez\/2016\/02","title":{"rendered":"\u00bfQui\u00e9n fue mejor, Rafa M\u00e1rquez o Hugo S\u00e1nchez?"},"content":{"rendered":"<p>Este s\u00e1bado 13 de febrero, <strong>Rafa M\u00e1rquez<\/strong> cumple 37 a\u00f1os y el defensa central est\u00e1 cerca de su retiro, por lo que recordamos, que el <em>K\u00e1iser<\/em> es uno de los futbolistas mexicanos m\u00e1s exitosos a nivel internacional. Sus palmares fuera del pa\u00eds hacen que se le compare con el delantero <strong>Hugo S\u00e1nchez<\/strong>, al grado de que se haga la pregunta sobre \u00bfqui\u00e9n de los dos es mejor?<\/p>\n<p>En cuanto a t\u00edtulos colectivos, <strong>Rafael M\u00e1rquez<\/strong> es ligeramente superior que <strong>Hugo S\u00e1nchez<\/strong>, pero en cuanto a logros individuales, el romperredes eclipsa al zaguero; pero la diferencia de posiciones es la que hace dudar a muchos. Por ello un par\u00e1metro que analizan algunos, es la participaci\u00f3n en Mundiales de ambos futbolistas, el <em>K\u00e1iser<\/em> tiene una justa m\u00e1s a su cuenta, adem\u00e1s de haber sido el capit\u00e1n en todas ellas y de registrar m\u00e1s goles que <em>Hugol<\/em> en las Copas Mundiales de la FIFA.<\/p>\n<p>Nadie puede negar que tanto <strong>Hugo S\u00e1nchez<\/strong> como <strong>Rafa M\u00e1rquez<\/strong> son los futbolistas mexicanos m\u00e1s exitosos del pa\u00eds; sin embargo, la duda sobre qui\u00e9n de los dos es el mejor, seguir\u00e1 rondando entre las mentes de los especialistas y aficionados al futbol.<\/p>\n<p>Y para ti crack, \u00bfQui\u00e9n es mejor, <strong>Rafa M\u00e1rquez<\/strong> o <strong>Hugo S\u00e1nchez<\/strong>?<\/p>\n<p><a href=\"http:\/\/futboltotal.com.mx\/wp-content\/uploads\/2016\/02\/rafahugo.jpg\" rel=\"attachment wp-att-357022\"><img decoding=\"async\" loading=\"lazy\" src=\"http:\/\/futboltotal.com.mx\/wp-content\/uploads\/2016\/02\/rafahugo.jpg\" alt=\"rafahugo\" class=\"alignnone size-full wp-image-357022\" srcset=\"http:\/\/desarrollo.grupomedios.com\/futbol\/wp-content\/uploads\/2016\/02\/rafahugo.jpg 940w, http:\/\/desarrollo.grupomedios.com\/futbol\/wp-content\/uploads\/2016\/02\/rafahugo-254x300.jpg 254w, http:\/\/desarrollo.grupomedios.com\/futbol\/wp-content\/uploads\/2016\/02\/rafahugo-768x909.jpg 768w, http:\/\/desarrollo.grupomedios.com\/futbol\/wp-content\/uploads\/2016\/02\/rafahugo-866x1024.jpg 866w\" sizes=\"(max-width: 940px) 100vw, 940px\" \/><\/a><\/p>\n<p>En cuanto a distinciones individuales, s\u00f3lo se incluyen los logros obtenidos deportivamente y no los premios que les hayan otorgado en las respectivas ligas, federaciones u otras instituciones.<\/p>\n","protected":false},"excerpt":{"rendered":"<p>Estos son los t\u00edtulos que ganaron ambos futbolistas<\/p>\n","protected":false},"author":20,"featured_media":357023,"comment_status":"closed","ping_status":"closed","sticky":false,"template":"","format":"standard","meta":[],"categories":[5,2198,3845,6718,3847],"tags":[448,142,4358,6033],"_links":{"self":[{"href":"http:\/\/desarrollo.grupomedios.com\/futbol\/wp-json\/wp\/v2\/posts\/357020"}],"collection":[{"href":"http:\/\/desarrollo.grupomedios.com\/futbol\/wp-json\/wp\/v2\/posts"}],"about":[{"href":"http:\/\/desarrollo.grupomedios.com\/futbol\/wp-json\/wp\/v2\/types\/post"}],"author":[{"embeddable":true,"href":"http:\/\/desarrollo.grupomedios.com\/futbol\/wp-json\/wp\/v2\/users\/20"}],"replies":[{"embeddable":true,"href":"http:\/\/desarrollo.grupomedios.com\/futbol\/wp-json\/wp\/v2\/comments?post=357020"}],"version-history":[{"count":0,"href":"http:\/\/desarrollo.grupomedios.com\/futbol\/wp-json\/wp\/v2\/posts\/357020\/revisions"}],"wp:featuredmedia":[{"embeddable":true,"href":"http:\/\/desarrollo.grupomedios.com\/futbol\/wp-json\/wp\/v2\/media\/357023"}],"wp:attachment":[{"href":"http:\/\/desarrollo.grupomedios.com\/futbol\/wp-json\/wp\/v2\/media?parent=357020"}],"wp:term":[{"taxonomy":"category","embeddable":true,"href":"http:\/\/desarrollo.grupomedios.com\/futbol\/wp-json\/wp\/v2\/categories?post=357020"},{"taxonomy":"post_tag","embeddable":true,"href":"http:\/\/desarrollo.grupomedios.com\/futbol\/wp-json\/wp\/v2\/tags?post=357020"}],"curies":[{"name":"wp","href":"https:\/\/api.w.org\/{rel}","templated":true}]}}