{"id":357035,"date":"2016-02-13T10:22:24","date_gmt":"2016-02-13T16:22:24","guid":{"rendered":"http:\/\/futboltotal.com.mx\/?p=357035"},"modified":"2016-02-13T10:22:43","modified_gmt":"2016-02-13T16:22:43","slug":"mesut-ozil-suena-para-llegar-al-barcelona","status":"publish","type":"post","link":"http:\/\/desarrollo.grupomedios.com\/futbol\/futbol-internacional\/mesut-ozil-suena-para-llegar-al-barcelona\/2016\/02","title":{"rendered":"Mesut Ozil suena para llegar al Barcelona"},"content":{"rendered":"<p><strong>Mesut Ozil<\/strong> dej\u00f3 el Real Madrid el verano de 2013 con destino al Arsenal. El objetivo del alem\u00e1n era convertirse en el l\u00edder del equipo de Ars\u00e9ne Wenger y relanzar a los <em>gunners<\/em>\u00a0en la Champions League.<\/p>\n<p>Dos temporadas y media despu\u00e9s, el centrocampista empieza a darse cuenta de que el conjunto londinense no ha dado el paso adelante en competici\u00f3n europea y se plantea cambiar de aires. Seg\u00fan el diario <em>Marca<\/em>, el Barcelona se habr\u00eda puesto en contacto con el jugador para sondear cu\u00e1les son sus planes de futuro.<\/p>\n<p>Con contrato con el Arsenal en vigor hasta junio de 2018, el club ingl\u00e9s habr\u00eda ofrecido una ampliaci\u00f3n al jugador de dos temporadas m\u00e1s. Sin embargo, la voluntad de <strong>Ozil<\/strong> es no seguir en el Arsenal, a pesar de haberse convertido en la referencia del conjunto de Wenger, con 6 goles y 16 asistencias.<\/p>\n<p>A pesar de que la prioridad de Luis Enrique no pasa por reforzar el centro del campo, Barcelona se habr\u00eda interesado en un jugador que ya estuvo en la agenda cul\u00e9 antes de que fichara por el Real Madrid en 2010.<\/p>\n<p style=\"text-align: center;\"><span style=\"color: #3366ff;\"><strong><a style=\"color: #3366ff;\" href=\"http:\/\/futboltotal.com.mx\/2016\/02\/fichajes-que-fueron-una-locura-y-no-rindieron\/\">LEER M\u00c1S: Fichajes que fueron una locura y no rindieron.\u00a0<\/a><\/strong><\/span><\/p>\n","protected":false},"excerpt":{"rendered":"<p>La entidad catalana no ha cesado en su intento por ficharle <\/p>\n","protected":false},"author":20,"featured_media":357037,"comment_status":"closed","ping_status":"closed","sticky":false,"template":"","format":"standard","meta":[],"categories":[3839,5951],"tags":[6044,5984,465],"_links":{"self":[{"href":"http:\/\/desarrollo.grupomedios.com\/futbol\/wp-json\/wp\/v2\/posts\/357035"}],"collection":[{"href":"http:\/\/desarrollo.grupomedios.com\/futbol\/wp-json\/wp\/v2\/posts"}],"about":[{"href":"http:\/\/desarrollo.grupomedios.com\/futbol\/wp-json\/wp\/v2\/types\/post"}],"author":[{"embeddable":true,"href":"http:\/\/desarrollo.grupomedios.com\/futbol\/wp-json\/wp\/v2\/users\/20"}],"replies":[{"embeddable":true,"href":"http:\/\/desarrollo.grupomedios.com\/futbol\/wp-json\/wp\/v2\/comments?post=357035"}],"version-history":[{"count":0,"href":"http:\/\/desarrollo.grupomedios.com\/futbol\/wp-json\/wp\/v2\/posts\/357035\/revisions"}],"wp:featuredmedia":[{"embeddable":true,"href":"http:\/\/desarrollo.grupomedios.com\/futbol\/wp-json\/wp\/v2\/media\/357037"}],"wp:attachment":[{"href":"http:\/\/desarrollo.grupomedios.com\/futbol\/wp-json\/wp\/v2\/media?parent=357035"}],"wp:term":[{"taxonomy":"category","embeddable":true,"href":"http:\/\/desarrollo.grupomedios.com\/futbol\/wp-json\/wp\/v2\/categories?post=357035"},{"taxonomy":"post_tag","embeddable":true,"href":"http:\/\/desarrollo.grupomedios.com\/futbol\/wp-json\/wp\/v2\/tags?post=357035"}],"curies":[{"name":"wp","href":"https:\/\/api.w.org\/{rel}","templated":true}]}}