{"id":357060,"date":"2016-02-13T14:13:42","date_gmt":"2016-02-13T20:13:42","guid":{"rendered":"http:\/\/futboltotal.com.mx\/?p=357060"},"modified":"2016-02-13T14:19:20","modified_gmt":"2016-02-13T20:19:20","slug":"noche-de-pesadilla-para-marco-fabian-con-eintracht-frankfurt","status":"publish","type":"post","link":"http:\/\/desarrollo.grupomedios.com\/futbol\/destacado-home\/noche-de-pesadilla-para-marco-fabian-con-eintracht-frankfurt\/2016\/02","title":{"rendered":"Noche de pesadilla para Marco Fabi\u00e1n"},"content":{"rendered":"<p><strong>Marco Fabi\u00e1n<\/strong> corri\u00f3 por toda la cancha, toc\u00f3 en infinidad de veces el bal\u00f3n, luch\u00f3 hasta el cansancio y sin embargo, tuvo una noche de pesadilla con el Eintracht Frankfurt, que sum\u00f3 su segunda derrota al hilo y se mantienen en terreno peligroso, muy cerca de los puestos del descenso.<\/p>\n<p>No parec\u00eda que la noche fuera tan complicada para las <em>\u00c1guilas<\/em>, sobre todo, luego de ponerse en ventaja en el marcador al minuto 23 con un gol de Alexander Meier, pero al finalizar la noche todas las sonrisas se borraron y fue diametralmente opuesto al comienzo, en especial para <em>Marquito<\/em>.<\/p>\n<p><iframe loading=\"lazy\" src=\"https:\/\/www.youtube.com\/embed\/tPGzazoP_Kk\" frameborder=\"0\" allowfullscreen><\/iframe><\/p>\n<p>Con todo y ventaja, <strong>Fabi\u00e1n<\/strong> ya hab\u00eda sido amonestado al 19&#8242; por una barrida a la espalda, que lo condicion\u00f3 el resto del encuentro. El empate lleg\u00f3 al 30\u2019 cuando el franc\u00e9s Anthony Modeste habilit\u00f3 a Yannik Gerhardt, quien fusil\u00f3 al arquero Hradecky en el 1-1, previo error en la recpeci\u00f3n de Marco, que propici\u00f3 la igualdad en el tanteador.<\/p>\n<p>Una falta de Marco Fabi\u00e1n, al que le fue perdonada una tarjeta amarilla y por consiguiente la expulsi\u00f3n, abri\u00f3 la puerta para el segundo gol de casa. Una falla del mediocampista Makoto Hasebe permiti\u00f3 el remate de cabeza de Dominique Heintz para el 2-1 en tiro libre,<\/p>\n<p>La defensa del Eintracht desapareci\u00f3 y se salv\u00f3 inclusive, de una goleada de esc\u00e1ndalo..Lehmann al 65\u2019 mand\u00f3 un disparo al travesa\u00f1o y al 67\u2019 Gerhardt fall\u00f3 un mano a mano.<br \/>\nFinalmente el 3-1 lleg\u00f3 al 71\u2019 tras una jugada de varios toques que termin\u00f3 en el \u00e1rea con un remate de Modeste para el tanto final.<\/p>\n<p>Frankfurt se qued\u00f3 con 21 puntos mientras que el K\u00f6ln lleg\u00f3 a 29 unidades en la Bundesliga, tras un duelo en el que para finalizar con su amarga noche, <strong>Marco Fabi\u00e1n<\/strong> fue sustituido a falta de m\u00e1s de quince minutos para el silbatazo final.<\/p>\n<p>&nbsp;<\/p>\n<p style=\"text-align: center;\"><span style=\"color: #3366ff;\"><strong><a style=\"color: #3366ff;\" href=\"http:\/\/futboltotal.com.mx\/2016\/02\/bayer-leverkusen-triunfa-sin-chicharito\/\">LEER M\u00c1S: Bayer Leverkusen triunfa sin Chicharito. <\/a><\/strong><\/span><\/p>\n","protected":false},"excerpt":{"rendered":"<p>Segunda derrota consecutiva para los dirigidos por Armin Veh <\/p>\n","protected":false},"author":20,"featured_media":357065,"comment_status":"closed","ping_status":"closed","sticky":false,"template":"","format":"standard","meta":[],"categories":[5,3839,6718],"tags":[119,3588,131],"_links":{"self":[{"href":"http:\/\/desarrollo.grupomedios.com\/futbol\/wp-json\/wp\/v2\/posts\/357060"}],"collection":[{"href":"http:\/\/desarrollo.grupomedios.com\/futbol\/wp-json\/wp\/v2\/posts"}],"about":[{"href":"http:\/\/desarrollo.grupomedios.com\/futbol\/wp-json\/wp\/v2\/types\/post"}],"author":[{"embeddable":true,"href":"http:\/\/desarrollo.grupomedios.com\/futbol\/wp-json\/wp\/v2\/users\/20"}],"replies":[{"embeddable":true,"href":"http:\/\/desarrollo.grupomedios.com\/futbol\/wp-json\/wp\/v2\/comments?post=357060"}],"version-history":[{"count":0,"href":"http:\/\/desarrollo.grupomedios.com\/futbol\/wp-json\/wp\/v2\/posts\/357060\/revisions"}],"wp:featuredmedia":[{"embeddable":true,"href":"http:\/\/desarrollo.grupomedios.com\/futbol\/wp-json\/wp\/v2\/media\/357065"}],"wp:attachment":[{"href":"http:\/\/desarrollo.grupomedios.com\/futbol\/wp-json\/wp\/v2\/media?parent=357060"}],"wp:term":[{"taxonomy":"category","embeddable":true,"href":"http:\/\/desarrollo.grupomedios.com\/futbol\/wp-json\/wp\/v2\/categories?post=357060"},{"taxonomy":"post_tag","embeddable":true,"href":"http:\/\/desarrollo.grupomedios.com\/futbol\/wp-json\/wp\/v2\/tags?post=357060"}],"curies":[{"name":"wp","href":"https:\/\/api.w.org\/{rel}","templated":true}]}}