{"id":357173,"date":"2016-02-13T19:46:21","date_gmt":"2016-02-14T01:46:21","guid":{"rendered":"http:\/\/futboltotal.com.mx\/?p=357173"},"modified":"2016-02-14T15:14:19","modified_gmt":"2016-02-14T21:14:19","slug":"monaco-aun-extrana-a-rafael-marquez","status":"publish","type":"post","link":"http:\/\/desarrollo.grupomedios.com\/futbol\/futbol-mexicano\/monaco-aun-extrana-a-rafael-marquez\/2016\/02","title":{"rendered":"AS M\u00f3naco a\u00fan extra\u00f1a a Rafael M\u00e1rquez"},"content":{"rendered":"<p>El club frances, <strong>AS M\u00f3naco<\/strong>, envi\u00f3 una felicitaci\u00f3n a <strong>Rafael M\u00e1rquez<\/strong>, por el cumplea\u00f1os 37 del defensa central mexicano. El conjunto galo no olvida la aportaci\u00f3n del zaguero al club, por eso tambi\u00e9n le mand\u00f3 sus saludos, cuando supo que el <em>K\u00e1iser<\/em> volv\u00eda al club de sus amores.<\/p>\n<p style=\"text-align: center;\"><span style=\"color: #3366ff;\"><strong><a style=\"color: #3366ff;\" href=\"http:\/\/futboltotal.com.mx\/2016\/02\/los-5-mejores-goles-de-rafa-marquez\/\" target=\"_blank\">LEER M\u00c1S: TOP 5 | Los mejores goles de Rafa M\u00e1rquez<\/a><\/strong><\/span><\/p>\n<p>A trav\u00e9s de su cuenta de Twitter, <strong>AS M\u00f3naco<\/strong> mand\u00f3 una emotiva felicitaci\u00f3n a <strong>Rafael M\u00e1rquez<\/strong>, para sumarse a la celebraci\u00f3n por el aniversario del defensa central que obtuvo tres t\u00edtulos con el conjunto franc\u00e9s, uno de liga, uno de supercopa y uno m\u00e1s de copa, durante el periodo que estuvo en el club <em>galo<\/em>, de 2000 a 2003.<\/p>\n<p style=\"text-align: center;\"><span style=\"color: #3366ff;\"><strong><a style=\"color: #3366ff;\" href=\"http:\/\/futboltotal.com.mx\/2016\/02\/quien-es-mejor-rafa-marquez-o-hugo-sanchez\/\" target=\"_blank\">LEER M\u00c1S: \u00bfQui\u00e9n fue mejor, Rafa M\u00e1rquez o Hugo S\u00e1nchez?<\/a><\/strong><\/span><\/p>\n<blockquote class=\"twitter-tweet\" data-lang=\"es\">\n<p dir=\"ltr\" lang=\"es\">\u00a1Feliz Cumplea\u00f1os <a href=\"https:\/\/twitter.com\/RafaMarquezMX\">@RafaMarquezMX<\/a> ! Te deseamos lo mejor desde el <a href=\"https:\/\/twitter.com\/AS_Monaco_ES\">@AS_Monaco_ES<\/a> ! RT para felicitar al Kaiser! <a href=\"https:\/\/t.co\/TiifeHM4EA\">pic.twitter.com\/TiifeHM4EA<\/a><\/p>\n<p>\u2014 AS Monaco ES (@AS_Monaco_ES) <a href=\"https:\/\/twitter.com\/AS_Monaco_ES\/status\/698609631581569024\">febrero 13, 2016<\/a><\/p><\/blockquote>\n<p><script src=\"\/\/platform.twitter.com\/widgets.js\" async=\"\" charset=\"utf-8\"><\/script><\/p>\n<p>Adem\u00e1s del <strong>AS M\u00f3naco<\/strong>, Atlas tambi\u00e9n celebr\u00f3 a su capit\u00e1n a trav\u00e9s de su cuenta de Twitter. <strong>Rafael M\u00e1rquez<\/strong> particip\u00f3 con el conjunto <em>rojinegro<\/em>, en todo el partido donde los Zorros igualaron a un gol con Toluca, en el Nemesio Diez, el viernes 12 de febrero.<\/p>\n<blockquote class=\"twitter-tweet\" data-lang=\"es\"><p>\n\u00a1Hoy celebramos a nuestro capit\u00e1n!<\/p>\n<p>\u00a1Feliz Cumplea\u00f1os <a href=\"https:\/\/twitter.com\/RafaMarquezMX\">@RafaMarquezMX<\/a>!<\/p>\n<p>Forma parte de la celebraci\u00f3n y felic\u00edtalo. <a href=\"https:\/\/t.co\/KYfgB51Oh0\">pic.twitter.com\/KYfgB51Oh0<\/a><\/p>\n<p>\u2014 Atlas FC (@atlasfc) <a href=\"https:\/\/twitter.com\/atlasfc\/status\/698537231548420097\">febrero 13, 2016<\/a>\n<\/p><\/blockquote>\n<p><script src=\"\/\/platform.twitter.com\/widgets.js\" async=\"\" charset=\"utf-8\"><\/script><\/p>\n","protected":false},"excerpt":{"rendered":"<p>El conjuto galo felicit\u00f3 a Rafa por su cumplea\u00f1os<\/p>\n","protected":false},"author":20,"featured_media":357175,"comment_status":"closed","ping_status":"closed","sticky":false,"template":"","format":"standard","meta":[],"categories":[3839,2198,3845],"tags":[5961,6093,4358,6033],"_links":{"self":[{"href":"http:\/\/desarrollo.grupomedios.com\/futbol\/wp-json\/wp\/v2\/posts\/357173"}],"collection":[{"href":"http:\/\/desarrollo.grupomedios.com\/futbol\/wp-json\/wp\/v2\/posts"}],"about":[{"href":"http:\/\/desarrollo.grupomedios.com\/futbol\/wp-json\/wp\/v2\/types\/post"}],"author":[{"embeddable":true,"href":"http:\/\/desarrollo.grupomedios.com\/futbol\/wp-json\/wp\/v2\/users\/20"}],"replies":[{"embeddable":true,"href":"http:\/\/desarrollo.grupomedios.com\/futbol\/wp-json\/wp\/v2\/comments?post=357173"}],"version-history":[{"count":0,"href":"http:\/\/desarrollo.grupomedios.com\/futbol\/wp-json\/wp\/v2\/posts\/357173\/revisions"}],"wp:featuredmedia":[{"embeddable":true,"href":"http:\/\/desarrollo.grupomedios.com\/futbol\/wp-json\/wp\/v2\/media\/357175"}],"wp:attachment":[{"href":"http:\/\/desarrollo.grupomedios.com\/futbol\/wp-json\/wp\/v2\/media?parent=357173"}],"wp:term":[{"taxonomy":"category","embeddable":true,"href":"http:\/\/desarrollo.grupomedios.com\/futbol\/wp-json\/wp\/v2\/categories?post=357173"},{"taxonomy":"post_tag","embeddable":true,"href":"http:\/\/desarrollo.grupomedios.com\/futbol\/wp-json\/wp\/v2\/tags?post=357173"}],"curies":[{"name":"wp","href":"https:\/\/api.w.org\/{rel}","templated":true}]}}