{"id":357302,"date":"2016-02-14T11:29:01","date_gmt":"2016-02-14T17:29:01","guid":{"rendered":"http:\/\/futboltotal.com.mx\/?p=357302"},"modified":"2016-02-14T11:44:49","modified_gmt":"2016-02-14T17:44:49","slug":"karim-benzema-a-nada-de-chocar","status":"publish","type":"post","link":"http:\/\/desarrollo.grupomedios.com\/futbol\/videos\/karim-benzema-a-nada-de-chocar\/2016\/02","title":{"rendered":"Karim Benzema, a nada de chocar&#8230;"},"content":{"rendered":"<p>Un mala maniobra de <strong>Karim Benzema<\/strong>, jugador del <strong>Real Madrid<\/strong>, estuvo a punto de acabar en accidente a la salida de Valdebebas, instalaciones donde entrena el cuadro <em>merengue<\/em>. El delantero franc\u00e9s se incorpor\u00f3 demasiado r\u00e1pido y casi choca contra otro coche.<\/p>\n<p><iframe loading=\"lazy\" src=\"https:\/\/vine.co\/v\/inVWABd7rId\/embed\/simple\" frameborder=\"0\"><\/iframe><script src=\"https:\/\/platform.vine.co\/static\/scripts\/embed.js\"><\/script><\/p>\n<p>Los aficionados\u00a0estaban pendientes de su \u00eddolo, y <strong>Karim Benzema<\/strong>, entre saludos, no se dio cuenta de que ven\u00eda un coche. Los frenos y los reflejos del conductor con el que casi colisiona, evitaron que las c\u00e1maras presenciaran un accidente en directo. El delantero\u00a0franc\u00e9s\u00a0no se detuvo pese al susto y el enfado del otro conductor.<\/p>\n","protected":false},"excerpt":{"rendered":"<p>Un mala maniobra del franc\u00e9s estuvo a punto de acabar en accidente<\/p>\n","protected":false},"author":20,"featured_media":357303,"comment_status":"closed","ping_status":"closed","sticky":false,"template":"","format":"standard","meta":[],"categories":[3839,4],"tags":[6042,5988],"_links":{"self":[{"href":"http:\/\/desarrollo.grupomedios.com\/futbol\/wp-json\/wp\/v2\/posts\/357302"}],"collection":[{"href":"http:\/\/desarrollo.grupomedios.com\/futbol\/wp-json\/wp\/v2\/posts"}],"about":[{"href":"http:\/\/desarrollo.grupomedios.com\/futbol\/wp-json\/wp\/v2\/types\/post"}],"author":[{"embeddable":true,"href":"http:\/\/desarrollo.grupomedios.com\/futbol\/wp-json\/wp\/v2\/users\/20"}],"replies":[{"embeddable":true,"href":"http:\/\/desarrollo.grupomedios.com\/futbol\/wp-json\/wp\/v2\/comments?post=357302"}],"version-history":[{"count":0,"href":"http:\/\/desarrollo.grupomedios.com\/futbol\/wp-json\/wp\/v2\/posts\/357302\/revisions"}],"wp:featuredmedia":[{"embeddable":true,"href":"http:\/\/desarrollo.grupomedios.com\/futbol\/wp-json\/wp\/v2\/media\/357303"}],"wp:attachment":[{"href":"http:\/\/desarrollo.grupomedios.com\/futbol\/wp-json\/wp\/v2\/media?parent=357302"}],"wp:term":[{"taxonomy":"category","embeddable":true,"href":"http:\/\/desarrollo.grupomedios.com\/futbol\/wp-json\/wp\/v2\/categories?post=357302"},{"taxonomy":"post_tag","embeddable":true,"href":"http:\/\/desarrollo.grupomedios.com\/futbol\/wp-json\/wp\/v2\/tags?post=357302"}],"curies":[{"name":"wp","href":"https:\/\/api.w.org\/{rel}","templated":true}]}}