{"id":357375,"date":"2016-02-14T13:58:00","date_gmt":"2016-02-14T19:58:00","guid":{"rendered":"http:\/\/futboltotal.com.mx\/?p=357375"},"modified":"2016-02-14T14:07:07","modified_gmt":"2016-02-14T20:07:07","slug":"hector-herrera-en-la-mira-de-la-juventus","status":"publish","type":"post","link":"http:\/\/desarrollo.grupomedios.com\/futbol\/futbol-internacional\/hector-herrera-en-la-mira-de-la-juventus\/2016\/02","title":{"rendered":"H\u00e9ctor Herrera, en la mira de la Juventus"},"content":{"rendered":"<p><strong>H\u00e9ctor Herrera<\/strong> est\u00e1 en la mira de la <strong>Juventus<\/strong>. En las \u00faltimas horas trascendi\u00f3 que el cuadro italiano, vigente campe\u00f3n de la Serie A, sigue de cerca al volante mexicano, jugador del Porto, de cara al pr\u00f3ximo mercado de verano.<\/p>\n<p>Seg\u00fan publica <i>calciomercato.com<\/i>, la <strong>Juventus<\/strong> habr\u00eda mandado a un visor al partido entre el Benfica y el Porto, disputado el pasado viernes, para vigilar de cerca a <strong>H\u00e9ctor Herrera<\/strong>, quien se presume est\u00e1\u00a0incluido en la lista de fichajes rumbo al pr\u00f3ximo mercado veraniego.<\/p>\n<p style=\"text-align: center;\"><span style=\"color: #3366ff;\"><strong><a style=\"color: #3366ff;\" href=\"http:\/\/futboltotal.com.mx\/2016\/01\/hector-herrera-quiere-disputar-juegos-olimpicos\/\">LEER M\u00c1S: H\u00e9ctor Herrera quiere disputar Juegos Ol\u00edmpicos<\/a><\/strong><\/span><\/p>\n<p>Sobre el posible arribo del\u00a0<strong>H\u00e9ctor Herrera<\/strong>\u00a0al futbol de Italia, cabe destacar que hace unas semanas se dio a conocer\u00a0que el\u00a0Napoli\u00a0har\u00e1 hasta lo posible para adquirir los\u00a0servicios del volante mexicano.<\/p>\n<p>Seg\u00fan informaciones vertidas al diario portugu\u00e9s\u00a0<em>O Jogo<\/em>, Aurelio de Laurentiis y Cristiano Giuntoli, presidente y director deportivo del conjunto napolitano respectivamente, habr\u00edan intentado convencer a la directiva de los\u00a0<em>Dragones<\/em>\u00a0con 20 millones de euros para que soltaran\u00a0al mexicano, pero el precio no llam\u00f3 la atenci\u00f3n del equipo, ya que blindaron al internacional mexicano con una cl\u00e1usula de recisi\u00f3n tasada en 40 millones, situaci\u00f3n que obliga al\u00a0Napoli\u00a0a esperar que el precio pueda bajar.<\/p>\n<p style=\"text-align: center;\"><span style=\"color: #3366ff;\"><strong><a style=\"color: #3366ff;\" href=\"http:\/\/futboltotal.com.mx\/2016\/02\/hector-herrera-anota-en-triunfo-del-porto\/\">LEER M\u00c1S: H\u00e9ctor Herrera anota en triunfo del Porto<\/a><\/strong><\/span><\/p>\n<p>\u201cEs la pieza que le falta a N\u00e1poles. Se entrega durante 90 minutos, tiene el momento adecuado para ir al frente y tambi\u00e9n sabe jugar corriendo. Tiene cualidades t\u00e9cnicas impresionantes, te lo garantizo\u201d, mencion\u00f3 Jos\u00e9 Luis Vigdal, ex jugador del\u00a0<strong>Napoli<\/strong>, quien\u00a0se ha mostrado impresionado por las cualidades de <strong>H\u00e9ctor Herrera<\/strong>, y espera que si se pueda generar la transacci\u00f3n.<\/p>\n","protected":false},"excerpt":{"rendered":"<p>El equipo italiano sigue de cerca al mexicano del Porto<\/p>\n","protected":false},"author":20,"featured_media":357385,"comment_status":"closed","ping_status":"closed","sticky":false,"template":"","format":"standard","meta":[],"categories":[3839,6718,5951],"tags":[5995,4545],"_links":{"self":[{"href":"http:\/\/desarrollo.grupomedios.com\/futbol\/wp-json\/wp\/v2\/posts\/357375"}],"collection":[{"href":"http:\/\/desarrollo.grupomedios.com\/futbol\/wp-json\/wp\/v2\/posts"}],"about":[{"href":"http:\/\/desarrollo.grupomedios.com\/futbol\/wp-json\/wp\/v2\/types\/post"}],"author":[{"embeddable":true,"href":"http:\/\/desarrollo.grupomedios.com\/futbol\/wp-json\/wp\/v2\/users\/20"}],"replies":[{"embeddable":true,"href":"http:\/\/desarrollo.grupomedios.com\/futbol\/wp-json\/wp\/v2\/comments?post=357375"}],"version-history":[{"count":0,"href":"http:\/\/desarrollo.grupomedios.com\/futbol\/wp-json\/wp\/v2\/posts\/357375\/revisions"}],"wp:featuredmedia":[{"embeddable":true,"href":"http:\/\/desarrollo.grupomedios.com\/futbol\/wp-json\/wp\/v2\/media\/357385"}],"wp:attachment":[{"href":"http:\/\/desarrollo.grupomedios.com\/futbol\/wp-json\/wp\/v2\/media?parent=357375"}],"wp:term":[{"taxonomy":"category","embeddable":true,"href":"http:\/\/desarrollo.grupomedios.com\/futbol\/wp-json\/wp\/v2\/categories?post=357375"},{"taxonomy":"post_tag","embeddable":true,"href":"http:\/\/desarrollo.grupomedios.com\/futbol\/wp-json\/wp\/v2\/tags?post=357375"}],"curies":[{"name":"wp","href":"https:\/\/api.w.org\/{rel}","templated":true}]}}