{"id":357384,"date":"2016-02-14T16:07:31","date_gmt":"2016-02-14T22:07:31","guid":{"rendered":"http:\/\/futboltotal.com.mx\/?p=357384"},"modified":"2016-02-14T16:07:53","modified_gmt":"2016-02-14T22:07:53","slug":"chivas-sigue-sin-ganar-en-el-clausura-2016","status":"publish","type":"post","link":"http:\/\/desarrollo.grupomedios.com\/futbol\/destacado-home\/chivas-sigue-sin-ganar-en-el-clausura-2016\/2016\/02","title":{"rendered":"Le\u00f3n agrava crisis de Chivas"},"content":{"rendered":"<p>Al <strong>Le\u00f3n<\/strong> le bast\u00f3 un zarpazo para llevarse la victoria en el Omnilife y agravar la crisis de <strong>Chivas. <\/strong>Despu\u00e9s de seis jornadas del <strong>Clausura 2016<\/strong>, los de Almeyda\u00a0siguen sin ganar y van en ca\u00edda libre en la lucha por salvar la categor\u00eda.<\/p>\n<p>Una pifia de To\u00f1o Rodr\u00edguez tras un tiro de esquina bast\u00f3 para que Mauro Boselli sentenciara el marcador y la debacle del <em>Reba\u00f1o<\/em>, que se qued\u00f3 con 10 hombres tras la expulsi\u00f3n de Jair Pereira, quien perdi\u00f3 la cabeza y reclam\u00f3 al \u00e1rbitro tras la jugada del gol.<\/p>\n<p><strong>Chivas<\/strong> tuvo un partido para el olvido, en el que nada le sali\u00f3. En el primer tiempo, pese a tener la posesi\u00f3n, fue incapaz de superar al <strong>Le\u00f3n<\/strong>, cuyo argumento m\u00e1s s\u00f3lido fue plantarse bien en el campo y desquiciar al rival.<\/p>\n<p style=\"text-align: center;\"><span style=\"color: #3366ff;\"><strong><a style=\"color: #3366ff;\" href=\"http:\/\/futboltotal.com.mx\/2016\/02\/en-vivo-chivas-vs-leon-liga-mx\/\">LEER M\u00c1S: As\u00ed se vivi\u00f3: Chivas 0-1 Le\u00f3n<\/a><\/strong><\/span><\/p>\n<p>&nbsp;<\/p>\n<div id=\"gallerylUt\" style=\"display:none;\"><img alt=\"\" src=\"http:\/\/desarrollo.grupomedios.com\/futbol\/wp-content\/uploads\/2016\/02\/Chivas-1.jpg\" data-image=\"http:\/\/desarrollo.grupomedios.com\/futbol\/wp-content\/uploads\/2016\/02\/Chivas-1.jpg\" data-description=\"Chivas\"><img alt=\"\" src=\"http:\/\/desarrollo.grupomedios.com\/futbol\/wp-content\/uploads\/2016\/02\/Nova.jpg\" data-image=\"http:\/\/desarrollo.grupomedios.com\/futbol\/wp-content\/uploads\/2016\/02\/Nova.jpg\" data-description=\"Nova\"><img alt=\"\" src=\"http:\/\/desarrollo.grupomedios.com\/futbol\/wp-content\/uploads\/2016\/02\/CAno.jpg\" data-image=\"http:\/\/desarrollo.grupomedios.com\/futbol\/wp-content\/uploads\/2016\/02\/CAno.jpg\" data-description=\"CAno\"><img alt=\"\" src=\"http:\/\/desarrollo.grupomedios.com\/futbol\/wp-content\/uploads\/2016\/02\/Burbano.jpg\" data-image=\"http:\/\/desarrollo.grupomedios.com\/futbol\/wp-content\/uploads\/2016\/02\/Burbano.jpg\" data-description=\"Burbano\"><img alt=\"\" src=\"http:\/\/desarrollo.grupomedios.com\/futbol\/wp-content\/uploads\/2016\/02\/Omar-Bravo.jpg\" data-image=\"http:\/\/desarrollo.grupomedios.com\/futbol\/wp-content\/uploads\/2016\/02\/Omar-Bravo.jpg\" data-description=\"Omar-Bravo\"><img alt=\"\" src=\"http:\/\/desarrollo.grupomedios.com\/futbol\/wp-content\/uploads\/2016\/02\/Boselli.jpg\" data-image=\"http:\/\/desarrollo.grupomedios.com\/futbol\/wp-content\/uploads\/2016\/02\/Boselli.jpg\" data-description=\"Boselli\"><\/div>\n        <script>\n        \/\/galeria 1\n        jQuery(document).ready(function(){ \n            var api;\n            api = jQuery(\"#gallerylUt\").unitegallery({\n                carousel_autoplay: false\n            }); \n        });\n        <\/script>\n        \n<p>Los <em>Rojiblancos<\/em> padecieron de nueva cuenta la falta de punter\u00eda de Omar Bravo, incapaz de hacer da\u00f1o al rival, al igual que Carlos Pe\u00f1a, que dej\u00f3 el campo tras 45 minutos en los que apenas si toc\u00f3 el bal\u00f3n. Por si fuera poco, en el complement\u00f3 Zald\u00edvar perdon\u00f3 la ocasi\u00f3n m\u00e1s clara con un tiro dentro del \u00e1rea. El<em> Reba\u00f1o<\/em> nunca supo remontar tras el gol y qued\u00f3 en la lona al quedarse con 10 hombres tras la expulsi\u00f3n de Pereira, quien\u00a0reclam\u00f3 una supuesta falta de Boselli sobre el debutante Granados en la jugada del gol.<\/p>\n<p>La <em>Fiera<\/em> fue mucha pieza y mostr\u00f3 buen orden defensivo y, aunque perdon\u00f3 una gran ocasi\u00f3n cuando Nacho Gonz\u00e1lez disparo dentro del \u00e1rea y estrell\u00f3 su remate en Salcedo, supo sacar partido de los hierros del rival y a bal\u00f3n parado firm\u00f3 el tanto que lo ha devuelto a la senda del triunfo y significa su sexta victoria del certamen.<\/p>\n<p><strong>Alineaciones:<\/strong><\/p>\n<p>Guadalajara.- Jos\u00e9 Antonio Rodr\u00edguez, Ra\u00fal L\u00f3pez (Marco Granados, 73), Carlos Salcedo, Jair Pereira, Edwin Hern\u00e1ndez, Carlos Salcido (Angel Zald\u00edvar, 58), Orbel\u00edn Pineda, Carlos Pe\u00f1a (Michael P\u00e9rez, 46), Isaac Brizuela, Carlos Cisneros y Omar Bravo. DT. Mat\u00edas Almeyda (ARG).<\/p>\n<p>Le\u00f3n.- William Yarbrough, Fernando Navarro, Diego Novaretti (Ignacio Gonz\u00e1lez, 19), Guillermo Burdisso, Efra\u00edn Velarde, Jos\u00e9 Juan V\u00e1zquez, Aldo Rocha, Juan Cuevas, Hern\u00e1n Burbano (Jonny Magall\u00f3n, 88), Germ\u00e1n Cano (Maximiliano Moralez, 59) y Mauro Boselli. DT. Luis Fernando Tena.<\/p>\n<p style=\"text-align: center;\"><iframe loading=\"lazy\" src=\"https:\/\/www.youtube.com\/embed\/XoaUQIpzvsg\" frameborder=\"0\" allowfullscreen=\"allowfullscreen\"><\/iframe><\/p>\n","protected":false},"excerpt":{"rendered":"<p>El conjunto rojiblanco cae 0-1 y sigue sin ganar en lo que va del Clausura 2016<\/p>\n","protected":false},"author":20,"featured_media":357386,"comment_status":"closed","ping_status":"closed","sticky":false,"template":"","format":"standard","meta":[],"categories":[5,2198,3845],"tags":[70,6458,5965],"_links":{"self":[{"href":"http:\/\/desarrollo.grupomedios.com\/futbol\/wp-json\/wp\/v2\/posts\/357384"}],"collection":[{"href":"http:\/\/desarrollo.grupomedios.com\/futbol\/wp-json\/wp\/v2\/posts"}],"about":[{"href":"http:\/\/desarrollo.grupomedios.com\/futbol\/wp-json\/wp\/v2\/types\/post"}],"author":[{"embeddable":true,"href":"http:\/\/desarrollo.grupomedios.com\/futbol\/wp-json\/wp\/v2\/users\/20"}],"replies":[{"embeddable":true,"href":"http:\/\/desarrollo.grupomedios.com\/futbol\/wp-json\/wp\/v2\/comments?post=357384"}],"version-history":[{"count":0,"href":"http:\/\/desarrollo.grupomedios.com\/futbol\/wp-json\/wp\/v2\/posts\/357384\/revisions"}],"wp:featuredmedia":[{"embeddable":true,"href":"http:\/\/desarrollo.grupomedios.com\/futbol\/wp-json\/wp\/v2\/media\/357386"}],"wp:attachment":[{"href":"http:\/\/desarrollo.grupomedios.com\/futbol\/wp-json\/wp\/v2\/media?parent=357384"}],"wp:term":[{"taxonomy":"category","embeddable":true,"href":"http:\/\/desarrollo.grupomedios.com\/futbol\/wp-json\/wp\/v2\/categories?post=357384"},{"taxonomy":"post_tag","embeddable":true,"href":"http:\/\/desarrollo.grupomedios.com\/futbol\/wp-json\/wp\/v2\/tags?post=357384"}],"curies":[{"name":"wp","href":"https:\/\/api.w.org\/{rel}","templated":true}]}}