{"id":357402,"date":"2016-02-14T15:05:15","date_gmt":"2016-02-14T21:05:15","guid":{"rendered":"http:\/\/futboltotal.com.mx\/?p=357402"},"modified":"2016-02-14T15:05:15","modified_gmt":"2016-02-14T21:05:15","slug":"guardiola-podria-ser-cesado-del-bayern","status":"publish","type":"post","link":"http:\/\/desarrollo.grupomedios.com\/futbol\/futbol-internacional\/guardiola-podria-ser-cesado-del-bayern\/2016\/02","title":{"rendered":"Guardiola podr\u00eda ser cesado del Bayern"},"content":{"rendered":"<p><b>Pep Guardiola<\/b> podr\u00eda salir del <b>Bayern Munich<\/b> antes de tiempo. Y es que la prensa inglesa asegura que la directiva del cuadro alem\u00e1n analizar\u00eda cesar el entrenador catal\u00e1n si no supera los Octavos de Final de la Champions, serie que los b\u00e1varos disputar\u00e1n ante la Juventus.<\/p>\n<p>El medio ingl\u00e9s <i>Express<\/i> apunta que el anuncio de su fichaje por el Manchester City cuando queda a\u00fan media temporada por disputarse tens\u00f3 a\u00fan m\u00e1s las relaciones de <b>Guardiola<\/b> con los dirigentes del club <i>germano<\/i> -l\u00e9ase Karl-Heinz Rummenigge, Uli Hoeness y Matthias Sammer-, quienes han marcado en el calendario una fecha clave para tomar la decisi\u00f3n.<\/p>\n<p style=\"text-align: center;\"><span style=\"color: #3366ff;\"><strong><a style=\"color: #3366ff;\" href=\"http:\/\/futboltotal.com.mx\/2016\/02\/los-retos-de-guardiola-en-el-manchester-city\/\">LEER M\u00c1S: Cinco retos de Guardiola en el Manchester City<\/a><\/strong><\/span><\/p>\n<p>En ese sentido, se dice que si el <b>Bayern Munich<\/b> no supera con autoridad su complicado cruce de Octavos de Final de la Champions frente a la Juventus, la destituci\u00f3n ser\u00e1 un hecho: <b>Pep Guardiola<\/b> ser\u00eda despedido.<\/p>\n<p>Por su parte, la prensa alemana presiona para que la salida de <b>Guardiola<\/b> se consume antes de lo previsto. Y as\u00ed, para el\u00a0entrenador catal\u00e1n\u00a0no ser\u00eda suficiente para terminar la campa\u00f1a,\u00a0mantener al Bayern en el primer sitio de la Bundesliga ni estar instalado en las\u00a0semifinales de la Copa de Alemania. \u00bfSer\u00e1 que\u00a0llegada de Carlo Ancelotti a las filas <em>b\u00e1varas<\/em> se\u00a0acelerar\u00e1?<\/p>\n","protected":false},"excerpt":{"rendered":"<p>La pr\u00f3xima jornada de Champions, clave en el destino de Pep<\/p>\n","protected":false},"author":20,"featured_media":357405,"comment_status":"closed","ping_status":"closed","sticky":false,"template":"","format":"standard","meta":[],"categories":[3839,5951],"tags":[2510],"_links":{"self":[{"href":"http:\/\/desarrollo.grupomedios.com\/futbol\/wp-json\/wp\/v2\/posts\/357402"}],"collection":[{"href":"http:\/\/desarrollo.grupomedios.com\/futbol\/wp-json\/wp\/v2\/posts"}],"about":[{"href":"http:\/\/desarrollo.grupomedios.com\/futbol\/wp-json\/wp\/v2\/types\/post"}],"author":[{"embeddable":true,"href":"http:\/\/desarrollo.grupomedios.com\/futbol\/wp-json\/wp\/v2\/users\/20"}],"replies":[{"embeddable":true,"href":"http:\/\/desarrollo.grupomedios.com\/futbol\/wp-json\/wp\/v2\/comments?post=357402"}],"version-history":[{"count":0,"href":"http:\/\/desarrollo.grupomedios.com\/futbol\/wp-json\/wp\/v2\/posts\/357402\/revisions"}],"wp:featuredmedia":[{"embeddable":true,"href":"http:\/\/desarrollo.grupomedios.com\/futbol\/wp-json\/wp\/v2\/media\/357405"}],"wp:attachment":[{"href":"http:\/\/desarrollo.grupomedios.com\/futbol\/wp-json\/wp\/v2\/media?parent=357402"}],"wp:term":[{"taxonomy":"category","embeddable":true,"href":"http:\/\/desarrollo.grupomedios.com\/futbol\/wp-json\/wp\/v2\/categories?post=357402"},{"taxonomy":"post_tag","embeddable":true,"href":"http:\/\/desarrollo.grupomedios.com\/futbol\/wp-json\/wp\/v2\/tags?post=357402"}],"curies":[{"name":"wp","href":"https:\/\/api.w.org\/{rel}","templated":true}]}}