{"id":357420,"date":"2016-02-14T16:37:04","date_gmt":"2016-02-14T22:37:04","guid":{"rendered":"http:\/\/futboltotal.com.mx\/?p=357420"},"modified":"2016-02-14T16:39:24","modified_gmt":"2016-02-14T22:39:24","slug":"david-faitelson-se-mofa-de-miguel-herrera","status":"publish","type":"post","link":"http:\/\/desarrollo.grupomedios.com\/futbol\/futbol-mexicano\/david-faitelson-se-mofa-de-miguel-herrera\/2016\/02","title":{"rendered":"David Faitelson se mofa de Miguel Herrera"},"content":{"rendered":"<p>A media semana, <strong>Miguel Herrera<\/strong> critic\u00f3 la fortuna que ten\u00eda <strong>Juan Carlos Osorio<\/strong>, al llegar a la Selecci\u00f3n Mexicana, en un momento en el que varios futbolistas juveniles encuentran poco a poco un crecimiento en su nivel, y por tanto, el colombiano tiene mucho de d\u00f3nde escoger.<\/p>\n<p>Esas joyas de exportaci\u00f3n que se han generado en el futbol mexicano, colaboran para los buenos resultados de <strong>Juan Carlos Osorio<\/strong> al mando de la Selecci\u00f3n Mexicana, seg\u00fan <strong>Miguel Herrera<\/strong>; y esas palabras se las grab\u00f3 muy bien <strong>David Faitelson<\/strong>, quien no dud\u00f3 en comentar al respecto, tras el triunfo de Xolos sobre Tigres, en el Volc\u00e1n.<\/p>\n<p>Tigres domin\u00f3 la mayor parte del encuentro en el Universitario de Nuevo Le\u00f3n, pero no supo concretar las jugadas, as\u00ed que el juego se defini\u00f3, gracias a un buen gol de Dayro Moreno, y a un gran error de Nahuel Guzm\u00e1n a los 60 minutos del partido.<\/p>\n<p>Esa situaci\u00f3n, provoc\u00f3 que <strong>David Faitelson<\/strong> realizara un comentario a trav\u00e9s de su cuenta de Twitter, donde supone que <strong>Miguel Herrera<\/strong>, tiene la misma fortuna que Juan Carlos Osorio, pero con los Xolos de Tijuana, pues sali\u00f3 bien librado de su visita a Tigres. La publicaci\u00f3n gener\u00f3 pol\u00e9mica en las redes, de manera inmediata.<\/p>\n<blockquote class=\"twitter-tweet\" data-lang=\"es\">\n<p lang=\"es\" dir=\"ltr\">Parece que Miguel Herrera tambi\u00e9n se sac\u00f3 la loter\u00eda.<\/p>\n<p>&mdash; David Faitelson (@Faitelson_ESPN) <a href=\"https:\/\/twitter.com\/Faitelson_ESPN\/status\/698693931744145408\">febrero 14, 2016<\/a><\/p><\/blockquote>\n<p><script async src=\"\/\/platform.twitter.com\/widgets.js\" charset=\"utf-8\"><\/script><\/p>\n","protected":false},"excerpt":{"rendered":"<p>El comentarista se solidariz\u00f3 con Osorio y gener\u00f3 pol\u00e9mica en Twitter<\/p>\n","protected":false},"author":20,"featured_media":357424,"comment_status":"closed","ping_status":"closed","sticky":false,"template":"","format":"standard","meta":[],"categories":[5419,2198,3845,5418,3847],"tags":[6501,6196,255],"_links":{"self":[{"href":"http:\/\/desarrollo.grupomedios.com\/futbol\/wp-json\/wp\/v2\/posts\/357420"}],"collection":[{"href":"http:\/\/desarrollo.grupomedios.com\/futbol\/wp-json\/wp\/v2\/posts"}],"about":[{"href":"http:\/\/desarrollo.grupomedios.com\/futbol\/wp-json\/wp\/v2\/types\/post"}],"author":[{"embeddable":true,"href":"http:\/\/desarrollo.grupomedios.com\/futbol\/wp-json\/wp\/v2\/users\/20"}],"replies":[{"embeddable":true,"href":"http:\/\/desarrollo.grupomedios.com\/futbol\/wp-json\/wp\/v2\/comments?post=357420"}],"version-history":[{"count":0,"href":"http:\/\/desarrollo.grupomedios.com\/futbol\/wp-json\/wp\/v2\/posts\/357420\/revisions"}],"wp:featuredmedia":[{"embeddable":true,"href":"http:\/\/desarrollo.grupomedios.com\/futbol\/wp-json\/wp\/v2\/media\/357424"}],"wp:attachment":[{"href":"http:\/\/desarrollo.grupomedios.com\/futbol\/wp-json\/wp\/v2\/media?parent=357420"}],"wp:term":[{"taxonomy":"category","embeddable":true,"href":"http:\/\/desarrollo.grupomedios.com\/futbol\/wp-json\/wp\/v2\/categories?post=357420"},{"taxonomy":"post_tag","embeddable":true,"href":"http:\/\/desarrollo.grupomedios.com\/futbol\/wp-json\/wp\/v2\/tags?post=357420"}],"curies":[{"name":"wp","href":"https:\/\/api.w.org\/{rel}","templated":true}]}}