{"id":357666,"date":"2016-02-16T13:00:50","date_gmt":"2016-02-16T19:00:50","guid":{"rendered":"http:\/\/futboltotal.com.mx\/?p=357666"},"modified":"2016-02-16T16:29:59","modified_gmt":"2016-02-16T22:29:59","slug":"en-vivo-benfica-vs-zenit","status":"publish","type":"post","link":"http:\/\/desarrollo.grupomedios.com\/futbol\/futbol-internacional\/en-vivo-benfica-vs-zenit\/2016\/02","title":{"rendered":"As\u00ed se vivi\u00f3 | Benfica 1-0 Zenit"},"content":{"rendered":"<p><strong>93:00 | <\/strong>Gracias por habernos acompa\u00f1ado. Nos leemos en el pr\u00f3ximo partido.<\/p>\n<p><strong>93:00 | <\/strong>\u00a1Se acab\u00f3 el partido! El<strong> Benfica<\/strong> se sale con la suya en el Estadio da Luz y da el primer golpe en los Octavos de Final. Le pega 1-0 al Zenit con un tanto de \u00faltimo minuto obra de Jonas, quien se va amonestado y se pierde el pr\u00f3ximo partido.<\/p>\n<p><strong>93:00<\/strong> <strong>|<\/strong> \u00a1Casi cae el segundo del Benfica! jonas jala del gatillo y rechaza el arquero Lodygin.<\/p>\n<p><strong>90:00 |<\/strong> La falta de Criscito permite al Benfica abrir el marcador. El cobr\u00f3 fue al coraz\u00f3n del \u00e1rea y Jonas sentencia con un frentazo el 1-0.<\/p>\n<p><strong>90:00 | <\/strong>Goooooooooooooooooooooooool del Benfica!!<\/p>\n<p><strong>90:00 | <\/strong>\u00a1Expulsi\u00f3n para Domenico Criscito! Por cometer una falta sobre Almeida<\/p>\n<p><strong>88:00 | <\/strong>Cambio del Zenit: Mauricio debuta tras ingresar en lugar de Danny.<\/p>\n<p><strong>86:00<\/strong> <strong>|<\/strong> Cancela desperdicia uan oportunidad y saca un tiro muy desviado.<\/p>\n<p><strong>84:00 | <\/strong>Javi Garc\u00eda intentaba rematar dentro del \u00e1rea, pero estaba en fuera de juego.<\/p>\n<p><strong>82:00 |<\/strong> Eliseu se anima y dispara de larga distancia; el portero Lodygin ataja.<\/p>\n<p><strong>80:00 |<\/strong>Cambio del Zenit: sale Zhirkov e ingresa Chatov.<\/p>\n<p><strong>78:00 | <\/strong>Nico Gait\u00e1n intentaba conectar con Jim\u00e9nez , pero corta la zaga. Hay tiro de esquina&#8230; se pierde la ocasi\u00f3n, Lodygin ataja a dos manos.<\/p>\n<p><strong>74:00 |<\/strong> Segundo cambio del Zenit: sale Dzyuba y entra Kokorin.<\/p>\n<p><strong>73:00 | <\/strong>\u00a1Perdona el Benfica! Lindel\u00f6f mete un centro y Jardel remata desviado.<\/p>\n<p><strong>71:00 |<\/strong> Segundo cambio del Benfica: se va Pizzi e ingresa Cancela.<\/p>\n<p><strong>69:00 |<\/strong> \u00a1Se salva el Zenit! Gran centro de Jim\u00e9nez por la banda izquierda, Jonas toca retrasado y Nico Gait\u00e1n dispara a quemarropa y Lodygin ataja a dos manos.<\/p>\n<p><strong>67:00<\/strong> |\u00a0Amarilla para Criscito por una falta sobre Almeida. Hay tiro libre para el Benfica.<\/p>\n<p><strong>65:00 | <\/strong>Nico Gait\u00e1n intentaba dar un pase filtrado a Jim\u00e9nez pero corta la zaga del Zenit.<\/p>\n<p><strong>63:00 | <\/strong> Jim\u00e9nez va en busca del primer gol del partido y el tercero en su cuenta personal en esta competici\u00f3n.<\/p>\n<p><strong>61:00 | <\/strong>\u00a1Primer cambio del Benfica! Ingresa Ra\u00fal Jim\u00e9nez y se va Mitroglu.<\/p>\n<p><strong>57:00 | <\/strong>Amarilla para Javi Garc\u00eda por una mano a un trazo de Jonas. El mediocampista se pierde el pr\u00f3ximo partido.<\/p>\n<p><strong>55:00<\/strong> <strong>|<\/strong> P\u00e9simo tiro de Nico Gait\u00e1n. Erra la defensa del Zenit y Mitroglu da un pase que el argentino desperdicia con un tiro muy desviado.<\/p>\n<p><strong>53:00 | <\/strong>Choque dur\u00edsimo entre Sanches y Javi Garc\u00eda&#8230; el juego se detiene unos minutos.<\/p>\n<p><strong>51:00 | <\/strong>!Ataja Julio C\u00e9sar en dos ocasiones! Witsel sac\u00f3 un latigazo desde al frontal y el brasile\u00f1o rechaz\u00f3 de lujo. Despu\u00e9s el belga saca un frentazo y tapa el arquero.<\/p>\n<p><strong>49:00 |<\/strong> Renato Sanches dispara&#8230;. saluda a la grada con el zapatazo.<\/p>\n<p><strong>47:00<\/strong> <strong>|<\/strong> Primer tiro de esquina para Benfica. Gait\u00e1n lo consigue por la banda izquierda&#8230; el cobro es rechazado por la zaga.<\/p>\n<p><strong>45:00 | <\/strong>\u00a1Arranca el segundo tiempo!<\/p>\n<p><strong>45:00<\/strong> | \u00a1Se acab\u00f3 el primer tiempo! En el Estadio Da Luz hay un deslucido empate 0-0. Ninguno de los dos equipos tuvo claras ocasiones de gol. Raul Jim\u00e9nez se alista para ingresar en el segundo tiempo.<\/p>\n<p><strong>40:00<\/strong> | \u00a1Frenan a Nico Gait\u00e1n! Intentaba entrar al \u00e1rea entre cuatro defensores y termina perdiendo el esf\u00e9rico.<\/p>\n<p><strong>35:00 | <\/strong>\u00a1Zapatazo de Hulk! El brasile\u00f1o dispara y la bola pasa cerca del palo derecho de Julio C\u00e9sar.<\/p>\n<p><strong>33:00<\/strong>\u00a0<strong>| <\/strong>\u00a1Al suelo Hulk! Jardel lo derriba fuera del \u00e1rea y consigue un tiro libre&#8230;<\/p>\n<p><strong>31:00 | <\/strong>\u00a1Tarjeta amarilla para Witsel! Cometi\u00f3 una falta a Pizzi en el mediocampo.<\/p>\n<p><strong>28:00 |<\/strong>Jonas saca un potente disparo fuera del \u00e1rea y desv\u00eda la zaga. Hay tiro de esquina&#8230; la ocasi\u00f3n se pierde al cobrar en corto.<\/p>\n<p><strong>26:00<\/strong> <strong>|<\/strong> Shatov comete falta en su intento por llegar a linea de fondo por izquierda.<\/p>\n<p><strong>24:00 |<\/strong> Renato Sanches intentaba filtrar un pase para Gait\u00e1n, pero Garay corta al borde del \u00e1rea.<\/p>\n<p><strong>20:00<\/strong> |\u00a0 <em>Hulk<\/em> intenta rematar un pase filtrado dentro del \u00e1rea; Jardel hace una gran cobertura y evita su disparo.<\/p>\n<p><a href=\"http:\/\/futboltotal.com.mx\/wp-content\/uploads\/2016\/02\/benfica-zenit.png\" rel=\"attachment wp-att-357992\"><img decoding=\"async\" loading=\"lazy\" class=\"alignnone size-full wp-image-357992\" src=\"http:\/\/futboltotal.com.mx\/wp-content\/uploads\/2016\/02\/benfica-zenit.png\" alt=\"benfica-zenit\" srcset=\"http:\/\/desarrollo.grupomedios.com\/futbol\/wp-content\/uploads\/2016\/02\/benfica-zenit.png 1100w, http:\/\/desarrollo.grupomedios.com\/futbol\/wp-content\/uploads\/2016\/02\/benfica-zenit-300x151.png 300w, http:\/\/desarrollo.grupomedios.com\/futbol\/wp-content\/uploads\/2016\/02\/benfica-zenit-768x386.png 768w, http:\/\/desarrollo.grupomedios.com\/futbol\/wp-content\/uploads\/2016\/02\/benfica-zenit-1024x515.png 1024w\" sizes=\"(max-width: 1100px) 100vw, 1100px\" \/><\/a><\/p>\n<p><strong>18:00 |<\/strong> \u00a1Perdona el Benfica! Pizzi tira fuera del \u00e1rea y el bal\u00f3n sale directo a las manos de Lodygin.<\/p>\n<p><strong>16:00 | <\/strong>Andr\u00e9 Almeida se lleva la primera tarjeta amarilla y hay tiro libre para el Zenit&#8230;\u00a0 Cobra Hulk muy corto y rechaza la defensa del Benfica.<\/p>\n<p><strong>15:00<\/strong> | Fuera de lugar de Simon. Dzyuba lo asisti\u00f3 con la cabeza pero estaba adelantado.<\/p>\n<p><strong>13:00<\/strong> | Zenit consigue el primer tiro de esquina el partido&#8230; Hulk cobra a primer poste y rechaza la zaga.<\/p>\n<p><strong>11:00<\/strong> | Tiro libre para Benfica. Pizzi fue derribado en tres cuartos de campo&#8230; cobra Pizzi y la entrega al arquero Lodygin.<\/p>\n<p><strong>09:00 |<\/strong> Jonas pisa linea de fondo e intenta conectar con Renato pero Anyukov corta el pase.<\/p>\n<p><strong>07:00 |<\/strong> \u00a1Julio C\u00e9sar sale y ataja!<strong>\u00a0 <\/strong>Dzyuba intentaba rematar un pase filtrado y el arquero le niega la definici\u00f3n.<\/p>\n<p><strong>05:00 | <\/strong>El Benfica intenta generar ocasiones pero witsel y Garc\u00eda y los cuatro zagueros repliegan y cierran espacios.<\/p>\n<p><strong>03:00<\/strong> | <em>Hulk<\/em> meti\u00f3 un centro preciso pero Dzyuba y Witsel se quedan cortos en el remate; ataja Julio C\u00e9sar.<\/p>\n<p><a href=\"http:\/\/futboltotal.com.mx\/wp-content\/uploads\/2016\/02\/Benfica-Zenit-2.png\" rel=\"attachment wp-att-357997\"><img decoding=\"async\" loading=\"lazy\" class=\"alignnone size-full wp-image-357997\" src=\"http:\/\/futboltotal.com.mx\/wp-content\/uploads\/2016\/02\/Benfica-Zenit-2.png\" alt=\"Benfica-Zenit-2\" srcset=\"http:\/\/desarrollo.grupomedios.com\/futbol\/wp-content\/uploads\/2016\/02\/Benfica-Zenit-2.png 1100w, http:\/\/desarrollo.grupomedios.com\/futbol\/wp-content\/uploads\/2016\/02\/Benfica-Zenit-2-300x151.png 300w, http:\/\/desarrollo.grupomedios.com\/futbol\/wp-content\/uploads\/2016\/02\/Benfica-Zenit-2-768x386.png 768w, http:\/\/desarrollo.grupomedios.com\/futbol\/wp-content\/uploads\/2016\/02\/Benfica-Zenit-2-1024x515.png 1024w\" sizes=\"(max-width: 1100px) 100vw, 1100px\" \/><\/a><\/p>\n<p><strong>02:00<\/strong> |<strong>\u00a0 <\/strong>Dzyuba se aviva y roba el bal\u00f3n en tres cuartos de campo asiste a Hulk y este pierde la bola, pero negocia tiro libre&#8230;<\/p>\n<p><strong>00:00 |<\/strong> \u00a1Arranca el partido! Mueve el Benfica&#8230;<\/p>\n<p><strong>00:00 | <\/strong>\u00a1Ya est\u00e1 todo listo! Ambos clubes rompen filas y toman posiciones.<\/p>\n<p><strong>00:00 | <\/strong>\u00a1Suena el Himno de la Chaaaaaaaampions!<\/p>\n<p><strong>00:00<\/strong> | Los equipos saltan a la cancha del Estadio da Luz.<\/p>\n<p><strong>00:00 <\/strong>| Artem Dzyuba ha marcado seis goles en el mismo n\u00famero de partido de Fase de Grupos. \u00bfEsta noche marcar\u00e1 de nuevo?<a href=\"http:\/\/futboltotal.com.mx\/wp-content\/uploads\/2016\/02\/Dziuba.jpg\" rel=\"attachment wp-att-357923\"><img decoding=\"async\" loading=\"lazy\" class=\"alignnone size-full wp-image-357923\" src=\"http:\/\/futboltotal.com.mx\/wp-content\/uploads\/2016\/02\/Dziuba.jpg\" alt=\"Dziuba\" srcset=\"http:\/\/desarrollo.grupomedios.com\/futbol\/wp-content\/uploads\/2016\/02\/Dziuba.jpg 1024w, http:\/\/desarrollo.grupomedios.com\/futbol\/wp-content\/uploads\/2016\/02\/Dziuba-300x200.jpg 300w, http:\/\/desarrollo.grupomedios.com\/futbol\/wp-content\/uploads\/2016\/02\/Dziuba-768x512.jpg 768w\" sizes=\"(max-width: 1024px) 100vw, 1024px\" \/><\/a><\/p>\n<p><strong>00:00 |<\/strong> As\u00ed luce el vestuario del Zenit minutos antes del partido ante el Benfica.<\/p>\n<p><a href=\"http:\/\/futboltotal.com.mx\/wp-content\/uploads\/2016\/02\/zenit.jpg\" rel=\"attachment wp-att-357918\"><img decoding=\"async\" loading=\"lazy\" class=\"alignnone size-full wp-image-357918\" src=\"http:\/\/futboltotal.com.mx\/wp-content\/uploads\/2016\/02\/zenit.jpg\" alt=\"zenit\" srcset=\"http:\/\/desarrollo.grupomedios.com\/futbol\/wp-content\/uploads\/2016\/02\/zenit.jpg 988w, http:\/\/desarrollo.grupomedios.com\/futbol\/wp-content\/uploads\/2016\/02\/zenit-300x169.jpg 300w, http:\/\/desarrollo.grupomedios.com\/futbol\/wp-content\/uploads\/2016\/02\/zenit-768x432.jpg 768w, http:\/\/desarrollo.grupomedios.com\/futbol\/wp-content\/uploads\/2016\/02\/zenit-580x325.jpg 580w\" sizes=\"(max-width: 988px) 100vw, 988px\" \/><\/a><\/p>\n<p><strong>00:00<\/strong> | El Zenit busca ganar con su once de lujo.<\/p>\n<blockquote class=\"twitter-tweet\" data-lang=\"es\">\n<p dir=\"ltr\" lang=\"ro\">Zenit: Lodygin, Anyukov, Criscito, Lombaerts, Garay, Danny, Shatov, Javi Garc\u00eda, Witsel, Hulk, Dzyuba. <a href=\"https:\/\/twitter.com\/hashtag\/UCL?src=hash\">#UCL<\/a><\/p>\n<p>\u2014 Champions League (@ChampionsLeague) <a href=\"https:\/\/twitter.com\/ChampionsLeague\/status\/699668909557989376\">febrero 16, 2016<\/a><\/p><\/blockquote>\n<p><script src=\"\/\/platform.twitter.com\/widgets.js\" async=\"\" charset=\"utf-8\"><\/script><\/p>\n<p><strong>00:00<\/strong> | Lista la alineaci\u00f3n del Benfica. Ra\u00fal Jim\u00e9nez se queda en la banca para el inicio del cotejo.<\/p>\n<blockquote class=\"twitter-tweet\" data-lang=\"es\"><p>\nXI: <a href=\"https:\/\/twitter.com\/ojuliocesar_12\">@ojuliocesar_12<\/a>, <a href=\"https:\/\/twitter.com\/aalmeidaoficial\">@aalmeidaoficial<\/a>, <a href=\"https:\/\/twitter.com\/vlindelof\">@vlindelof<\/a>, Jardel, Eliseu, Samaris, Renato, Pizzi, <a href=\"https:\/\/twitter.com\/nicogaitan\">@nicogaitan<\/a>, <a href=\"https:\/\/twitter.com\/Jonas_Gol\">@Jonas_Gol<\/a> e <a href=\"https:\/\/twitter.com\/kmitroglou\">@kmitroglou<\/a>. <a href=\"https:\/\/twitter.com\/hashtag\/UCL?src=hash\">#UCL<\/a><\/p>\n<p>\u2014 Sport Lisboa Benfica (@SLBenfica) <a href=\"https:\/\/twitter.com\/SLBenfica\/status\/699668069636034565\">febrero 16, 2016<\/a>\n<\/p><\/blockquote>\n<p><script src=\"\/\/platform.twitter.com\/widgets.js\" async=\"\" charset=\"utf-8\"><\/script><\/p>\n<p>Las noches m\u00e1gicas de la <strong>Champions League<\/strong> regresan con los<strong> Octavos de Final<\/strong>. El duelo entre <strong>Benfica<\/strong> y <strong>Zenit<\/strong> ser\u00e1 parte de la cartelera de este martes, donde tambi\u00e9n chocan el PSG y el Chelsea. Para este cotejo est\u00e1 convocado el mexicano Ra\u00fal Jim\u00e9nez, quien podr\u00eda ser titular e ir\u00e1 en busca de su tercer gol en el certamen.<\/p>\n<p><strong>Benfica<\/strong> busca dar el primer golpe en el Estadio Da Luz y tratar\u00e1 de meterle freno al Zenit, que termin\u00f3 como el mejor lugar del Grupo H y en sus \u00faltimos tres partidos ante rivales portugueses se ha llevado la victoria. De hecho una de ellas fue ante el conjunto lisboeta, en el mismo recinto, durante la campa\u00f1a 2013-14. Los rusos no ser\u00e1n un rival f\u00e1cil, ya que tiene la consigna de buscar una proeza para clasificar por primera vez a los Cuartos de Final.<\/p>\n<p style=\"text-align: center;\"><span style=\"color: #3366ff;\"><a style=\"color: #3366ff;\" href=\"http:\/\/futboltotal.com.mx\/2016\/02\/agenda-de-tv-champions-octavos-de-final\/\"><strong>LEER M\u00c1S: Agenda de TV Champions League<\/strong> <\/a><\/span><\/p>\n<p>*<em>Sit\u00faa el dedo \u00edndice o el curso sobre la imagen para ver detalles del texto.<\/em><\/p>\n<p><img decoding=\"async\" class=\"alwaysThinglink\" style=\"max-width: 100%;\" src=\"\/\/cdn.thinglink.me\/api\/image\/755904730525335553\/1024\/10\/scaletowidth#tl-755904730525335553;1043138249'\" alt=\"As\u00ed se vivi\u00f3 | Benfica 1-0 Zenit 4\" \/><script src=\"\/\/cdn.thinglink.me\/jse\/embed.js\" async=\"\" charset=\"utf-8\"><\/script><\/p>\n<p style=\"text-align: center;\"><span style=\"color: #3366ff;\"><strong><a style=\"color: #3366ff;\" href=\"http:\/\/futboltotal.com.mx\/2016\/02\/previo-general-champions-league-octavos-de-final\/\">LEER M\u00c1S: Duelos fant\u00e1sticos en Octavos de Champions League<\/a><\/strong><\/span><\/p>\n<p><strong><span style=\"color: #800000;\">Otro datos del partido<\/span> <\/strong><\/p>\n<p>-Zenit es el \u00fanico equipo ruso que ha derrotado al Benfica en el Estadio Da Luz en una competici\u00f3n europea. Lo hizo en septiembre de 2014 por marcador de 2-0.<\/p>\n<p>-Solo en uno de sus \u00faltimos 36 partidos en Liga de Campeones, el Benfica fue capaz de marcar m\u00e1s de dos goles. El rival en turno fue el Anderlecht en la Fase de Grupos de 2013.<\/p>\n<p>-Zenit logr\u00f3 ganar cinco de los \u00faltimos seis partidos en la Fase de Grupos, la cifra m\u00e1s alta del presente certamen que tambi\u00e9n consiguieron el Bayern M\u00fanich y Real Madrid.<\/p>\n<p>-El balance de partidos del Benfica ante rivales rusos es de cinco victorias, cuatro empates y cinco derrotas.<\/p>\n","protected":false},"excerpt":{"rendered":"<p>En el Estadio Da Luz ser\u00e1 el epicentro del duelo de Ida de los Octavos de Final <\/p>\n","protected":false},"author":20,"featured_media":357755,"comment_status":"closed","ping_status":"closed","sticky":false,"template":"","format":"standard","meta":[],"categories":[3841,3839,6718],"tags":[6060,36,2877,6064],"_links":{"self":[{"href":"http:\/\/desarrollo.grupomedios.com\/futbol\/wp-json\/wp\/v2\/posts\/357666"}],"collection":[{"href":"http:\/\/desarrollo.grupomedios.com\/futbol\/wp-json\/wp\/v2\/posts"}],"about":[{"href":"http:\/\/desarrollo.grupomedios.com\/futbol\/wp-json\/wp\/v2\/types\/post"}],"author":[{"embeddable":true,"href":"http:\/\/desarrollo.grupomedios.com\/futbol\/wp-json\/wp\/v2\/users\/20"}],"replies":[{"embeddable":true,"href":"http:\/\/desarrollo.grupomedios.com\/futbol\/wp-json\/wp\/v2\/comments?post=357666"}],"version-history":[{"count":0,"href":"http:\/\/desarrollo.grupomedios.com\/futbol\/wp-json\/wp\/v2\/posts\/357666\/revisions"}],"wp:featuredmedia":[{"embeddable":true,"href":"http:\/\/desarrollo.grupomedios.com\/futbol\/wp-json\/wp\/v2\/media\/357755"}],"wp:attachment":[{"href":"http:\/\/desarrollo.grupomedios.com\/futbol\/wp-json\/wp\/v2\/media?parent=357666"}],"wp:term":[{"taxonomy":"category","embeddable":true,"href":"http:\/\/desarrollo.grupomedios.com\/futbol\/wp-json\/wp\/v2\/categories?post=357666"},{"taxonomy":"post_tag","embeddable":true,"href":"http:\/\/desarrollo.grupomedios.com\/futbol\/wp-json\/wp\/v2\/tags?post=357666"}],"curies":[{"name":"wp","href":"https:\/\/api.w.org\/{rel}","templated":true}]}}