{"id":357855,"date":"2016-02-16T09:53:46","date_gmt":"2016-02-16T15:53:46","guid":{"rendered":"http:\/\/futboltotal.com.mx\/?p=357855"},"modified":"2016-02-16T09:53:46","modified_gmt":"2016-02-16T15:53:46","slug":"roma-puede-eliminar-al-real-madrid","status":"publish","type":"post","link":"http:\/\/desarrollo.grupomedios.com\/futbol\/futbol-internacional\/roma-puede-eliminar-al-real-madrid\/2016\/02","title":{"rendered":"Roma puede eliminar al Real Madrid"},"content":{"rendered":"<p>Desde Italia, <strong>Luciano Spalletti<\/strong> no ve &#8220;favoritos&#8221; en la eliminatoria del <strong>AS Roma<\/strong> y <strong>Real Madrid<\/strong>, que se enfrentan este mi\u00e9rcoles en el duelo de Ida de <strong>Octavos de Final<\/strong>. Sin embargo afirm\u00f3 que sus pupilos tienen posibilidades de echar a los<em> Blancos<\/em> y emular lo hecho en 2008<em>.<\/em><\/p>\n<p>Pese a que la Roma ya no contar\u00e1 con Gervinho, vital para que el club superara la fase de grupos, el estratega asegur\u00f3 que posee &#8220;un equipo bastante competitivo&#8221;, en el que ya est\u00e1 recuperado Daniele de Rossi y podr\u00e1 contar con el m\u00edtico Totti, quien ha superado sus problemas musculares; adem\u00e1s tiene opciones al ataque como Mohamed Salah, Edin Dzeko y el reci\u00e9n fichado Jos\u00e9 Mourinho.<\/p>\n<p style=\"text-align: center;\"><span style=\"color: #3366ff;\"><a style=\"color: #3366ff;\" href=\"http:\/\/futboltotal.com.mx\/2016\/02\/previo-general-champions-league-octavos-de-final\/\"><strong>LEER M\u00c1S: Duelos fant\u00e1sticos en Octavos de Final<\/strong> <\/a><\/span><\/p>\n<p>El timonel resalt\u00f3 el buen juego del Real Madrid que, a diferencia del que fue eliminado en 2008, &#8220;es m\u00e1s r\u00e1pido, tiene m\u00e1s pegada, y presionan muy bien&#8221;. El gran plus es contar con Cristiano Ronaldo &#8220;un jugador que siempre puede marcar la diferencia&#8221;. Pero ni as\u00ed teme enfrentrarlos y asegur\u00f3 que &#8220;la eliminatoria est\u00e1 igualada al 50 por ciento&#8221;.<\/p>\n<p>&#8220;Estamos en el buen camino, podemos dar un paso adelante: no me sorprender\u00eda que el Roma peleara hasta el minuto 95 del partido de vuelta y que acabara clasific\u00e1ndose. La Champions es m\u00e1s igualada, s\u00ed: ya no hay partidos decididos antes de que se jueguen&#8221;, acot\u00f3 el entrenador de la Roma en rueda de prensa.<\/p>\n<p style=\"text-align: center;\"><span style=\"color: #3366ff;\"><strong><a style=\"color: #3366ff;\" href=\"http:\/\/futboltotal.com.mx\/futbol-internacional\/champions-league\/\">LEER M\u00c1S: Todas las noticias de la Champions League <\/a><\/strong><\/span><\/p>\n<p>&nbsp;<\/p>\n","protected":false},"excerpt":{"rendered":"<p>En 2008, los Merengues cayeron a manos de los Giallorossi en Octavos de Final<\/p>\n","protected":false},"author":20,"featured_media":357860,"comment_status":"closed","ping_status":"closed","sticky":false,"template":"","format":"standard","meta":[],"categories":[3841,3839,5951],"tags":[36,5988,320],"_links":{"self":[{"href":"http:\/\/desarrollo.grupomedios.com\/futbol\/wp-json\/wp\/v2\/posts\/357855"}],"collection":[{"href":"http:\/\/desarrollo.grupomedios.com\/futbol\/wp-json\/wp\/v2\/posts"}],"about":[{"href":"http:\/\/desarrollo.grupomedios.com\/futbol\/wp-json\/wp\/v2\/types\/post"}],"author":[{"embeddable":true,"href":"http:\/\/desarrollo.grupomedios.com\/futbol\/wp-json\/wp\/v2\/users\/20"}],"replies":[{"embeddable":true,"href":"http:\/\/desarrollo.grupomedios.com\/futbol\/wp-json\/wp\/v2\/comments?post=357855"}],"version-history":[{"count":0,"href":"http:\/\/desarrollo.grupomedios.com\/futbol\/wp-json\/wp\/v2\/posts\/357855\/revisions"}],"wp:featuredmedia":[{"embeddable":true,"href":"http:\/\/desarrollo.grupomedios.com\/futbol\/wp-json\/wp\/v2\/media\/357860"}],"wp:attachment":[{"href":"http:\/\/desarrollo.grupomedios.com\/futbol\/wp-json\/wp\/v2\/media?parent=357855"}],"wp:term":[{"taxonomy":"category","embeddable":true,"href":"http:\/\/desarrollo.grupomedios.com\/futbol\/wp-json\/wp\/v2\/categories?post=357855"},{"taxonomy":"post_tag","embeddable":true,"href":"http:\/\/desarrollo.grupomedios.com\/futbol\/wp-json\/wp\/v2\/tags?post=357855"}],"curies":[{"name":"wp","href":"https:\/\/api.w.org\/{rel}","templated":true}]}}