{"id":357857,"date":"2016-02-16T10:03:00","date_gmt":"2016-02-16T16:03:00","guid":{"rendered":"http:\/\/futboltotal.com.mx\/?p=357857"},"modified":"2016-02-16T10:03:18","modified_gmt":"2016-02-16T16:03:18","slug":"barcelona-sin-copa-del-rey-en-el-santiago-bernabeu","status":"publish","type":"post","link":"http:\/\/desarrollo.grupomedios.com\/futbol\/futbol-internacional\/barcelona-sin-copa-del-rey-en-el-santiago-bernabeu\/2016\/02","title":{"rendered":"Barcelona, sin Copa del Rey en Santiago Bernab\u00e9u"},"content":{"rendered":"<p>Una vez m\u00e1s el<strong> Santiago Bernab\u00e9u<\/strong> queda descartado para una final de Copa del Rey en la que est\u00e9 inmuiscuido la ant\u00edtesis del Real Madrid\u00a0.<\/p>\n<p>No tiene nada que ver Sevilla o <strong>Barcelona<\/strong>, que no han desistido en su idea, sino porque hoy se anunciaron las fechas del <em>The River Tour<\/em>, la gira que volver\u00e1 a traer a Bruce Springsteen a Espa\u00f1a. El d\u00eda 21 de mayo, fecha programada para la final (22 si el Sevilla llega a la final de la Europa League), el cantante norteamericano ofrecer\u00e1 su espect\u00e1culo en el Bernab\u00e9u.<\/p>\n<p>Esta vez no har\u00e1n falta excusas para evitar ver al Bar\u00e7a en la final de Copa: hay un motivo que mover\u00e1 a miles de personas. Las otras fechas de la gira son el 14 de mayo en el Camp Nou (Barcelona) el 17, en Anoeta (San Sebasti\u00e1n).<\/p>\n<p>En ocasiones pasadas, Florentino P\u00e9rez hab\u00eda negado el acceso para que <strong>Barcelona<\/strong> disputase sus finales en Copa del Rey. Varias fueron las excusas, entre las que se recuerda\u00a0una muy peculiar, pues en 2012 el mandatario aludi\u00f3 a reformas de \u00faltima hora para arreglar\u00a0los ba\u00f1os del estadio y diez d\u00edas despu\u00e9s, el inmueble se utiliz\u00f3 para un duelo amistoso.<\/p>\n<p style=\"text-align: center;\"><strong><span style=\"color: #3366ff;\"><a style=\"color: #3366ff;\" href=\"http:\/\/futboltotal.com.mx\/2016\/02\/roma-puede-eliminar-al-real-madrid\/\">LEER M\u00c1S: Roma puede eliminar al Real Madrid.<\/a><\/span><\/strong><\/p>\n<p>&nbsp;<\/p>\n","protected":false},"excerpt":{"rendered":"<p>La inc\u00f3gnita se mantiene, no hay escenario para disputar la Copa de su Majestad <\/p>\n","protected":false},"author":20,"featured_media":357864,"comment_status":"closed","ping_status":"closed","sticky":false,"template":"","format":"standard","meta":[],"categories":[3839,3844,5951],"tags":[5984,96,901,49],"_links":{"self":[{"href":"http:\/\/desarrollo.grupomedios.com\/futbol\/wp-json\/wp\/v2\/posts\/357857"}],"collection":[{"href":"http:\/\/desarrollo.grupomedios.com\/futbol\/wp-json\/wp\/v2\/posts"}],"about":[{"href":"http:\/\/desarrollo.grupomedios.com\/futbol\/wp-json\/wp\/v2\/types\/post"}],"author":[{"embeddable":true,"href":"http:\/\/desarrollo.grupomedios.com\/futbol\/wp-json\/wp\/v2\/users\/20"}],"replies":[{"embeddable":true,"href":"http:\/\/desarrollo.grupomedios.com\/futbol\/wp-json\/wp\/v2\/comments?post=357857"}],"version-history":[{"count":0,"href":"http:\/\/desarrollo.grupomedios.com\/futbol\/wp-json\/wp\/v2\/posts\/357857\/revisions"}],"wp:featuredmedia":[{"embeddable":true,"href":"http:\/\/desarrollo.grupomedios.com\/futbol\/wp-json\/wp\/v2\/media\/357864"}],"wp:attachment":[{"href":"http:\/\/desarrollo.grupomedios.com\/futbol\/wp-json\/wp\/v2\/media?parent=357857"}],"wp:term":[{"taxonomy":"category","embeddable":true,"href":"http:\/\/desarrollo.grupomedios.com\/futbol\/wp-json\/wp\/v2\/categories?post=357857"},{"taxonomy":"post_tag","embeddable":true,"href":"http:\/\/desarrollo.grupomedios.com\/futbol\/wp-json\/wp\/v2\/tags?post=357857"}],"curies":[{"name":"wp","href":"https:\/\/api.w.org\/{rel}","templated":true}]}}