{"id":357863,"date":"2016-02-16T10:35:35","date_gmt":"2016-02-16T16:35:35","guid":{"rendered":"http:\/\/futboltotal.com.mx\/?p=357863"},"modified":"2016-02-16T10:36:10","modified_gmt":"2016-02-16T16:36:10","slug":"mexicanos-camino-a-dortmund","status":"publish","type":"post","link":"http:\/\/desarrollo.grupomedios.com\/futbol\/futbol-internacional\/mexicanos-camino-a-dortmund\/2016\/02","title":{"rendered":"Mexicanos camino a Dortmund"},"content":{"rendered":"<p>El<strong> Porto<\/strong> viaj\u00f3 la ma\u00f1ana de este martes a <strong>Alemania<\/strong> para desafiar los dieciseisavos de Final de la <strong>Europa League<\/strong> este jueves, en el que enfrentar\u00e1n al <strong>Borussia Dortmund<\/strong>.<\/p>\n<p>De pipa y guante, los mexicanos <strong>Miguel Lay\u00fan, Jes\u00fas Tecatito Corona y H\u00e9ctor Herrera<\/strong> formaron parte de la expedici\u00f3n comandada por el entrenador Jos\u00e9 Peseiro.<\/p>\n<p>El lateral mexicano, quien apunta para ser uno de los titulares en el Signal Iduna Park, colg\u00f3 una foto en <em>Instagram<\/em> al lado de sus connacionales.<\/p>\n<p>El Porto tiene previsto aterrizar poco despu\u00e9s de al 13:30 horas TCM en Dortmund, despu\u00e9s partir\u00e1 al hotel de concentraci\u00f3n y posteriormente realizar\u00e1 una pr\u00e1ctica vespertina, informa la prensa lusa.<\/p>\n<blockquote class=\"instagram-media\" style=\"background: #FFF; border: 0; border-radius: 3px; box-shadow: 0 0 1px 0 rgba(0,0,0,0.5),0 1px 10px 0 rgba(0,0,0,0.15); margin: 1px; max-width: 658px; padding: 0; width: calc(100% - 2px);\" data-instgrm-captioned=\"\" data-instgrm-version=\"6\">\n<div style=\"padding: 8px;\">\n<div style=\"background: #F8F8F8; line-height: 0; margin-top: 40px; padding: 50.0% 0; text-align: center; width: 100%;\">El<\/div>\n<p style=\"margin: 8px 0 0 0; padding: 0 4px;\"><a style=\"color: #000; font-family: Arial,sans-serif; font-size: 14px; font-style: normal; font-weight: normal; line-height: 17px; text-decoration: none; word-wrap: break-word;\" href=\"https:\/\/www.instagram.com\/p\/BB2dmPpk0tb\/\" target=\"_blank\">Nos fuimos!! #EuropaLeague #FCPorto<\/a><\/p>\n<p style=\"color: #c9c8cd; font-family: Arial,sans-serif; font-size: 14px; line-height: 17px; margin-bottom: 0; margin-top: 8px; overflow: hidden; padding: 8px 0 7px; text-align: center; text-overflow: ellipsis; white-space: nowrap;\">Una foto publicada por Miguel Layun (@miguel_layun) el <time style=\"font-family: Arial,sans-serif; font-size: 14px; line-height: 17px;\" datetime=\"2016-02-16T14:45:15+00:00\">16 de Feb de 2016 a la(s) 6:45 PST<\/time><\/p>\n<\/div>\n<\/blockquote>\n<p><script src=\"\/\/platform.instagram.com\/en_US\/embeds.js\" async=\"\" defer=\"defer\"><\/script><\/p>\n","protected":false},"excerpt":{"rendered":"<p>Lay\u00fan, Herrera y Tecatito se alistan para disputar la Europa League <\/p>\n","protected":false},"author":20,"featured_media":357873,"comment_status":"closed","ping_status":"closed","sticky":false,"template":"","format":"standard","meta":[],"categories":[3857,3839,6718],"tags":[516,1035],"_links":{"self":[{"href":"http:\/\/desarrollo.grupomedios.com\/futbol\/wp-json\/wp\/v2\/posts\/357863"}],"collection":[{"href":"http:\/\/desarrollo.grupomedios.com\/futbol\/wp-json\/wp\/v2\/posts"}],"about":[{"href":"http:\/\/desarrollo.grupomedios.com\/futbol\/wp-json\/wp\/v2\/types\/post"}],"author":[{"embeddable":true,"href":"http:\/\/desarrollo.grupomedios.com\/futbol\/wp-json\/wp\/v2\/users\/20"}],"replies":[{"embeddable":true,"href":"http:\/\/desarrollo.grupomedios.com\/futbol\/wp-json\/wp\/v2\/comments?post=357863"}],"version-history":[{"count":0,"href":"http:\/\/desarrollo.grupomedios.com\/futbol\/wp-json\/wp\/v2\/posts\/357863\/revisions"}],"wp:featuredmedia":[{"embeddable":true,"href":"http:\/\/desarrollo.grupomedios.com\/futbol\/wp-json\/wp\/v2\/media\/357873"}],"wp:attachment":[{"href":"http:\/\/desarrollo.grupomedios.com\/futbol\/wp-json\/wp\/v2\/media?parent=357863"}],"wp:term":[{"taxonomy":"category","embeddable":true,"href":"http:\/\/desarrollo.grupomedios.com\/futbol\/wp-json\/wp\/v2\/categories?post=357863"},{"taxonomy":"post_tag","embeddable":true,"href":"http:\/\/desarrollo.grupomedios.com\/futbol\/wp-json\/wp\/v2\/tags?post=357863"}],"curies":[{"name":"wp","href":"https:\/\/api.w.org\/{rel}","templated":true}]}}