{"id":357990,"date":"2016-02-17T08:21:31","date_gmt":"2016-02-17T14:21:31","guid":{"rendered":"http:\/\/futboltotal.com.mx\/?p=357990"},"modified":"2016-02-17T18:53:10","modified_gmt":"2016-02-18T00:53:10","slug":"ignacio-ambriz-se-descarrila-ante-cruz-azul","status":"publish","type":"post","link":"http:\/\/desarrollo.grupomedios.com\/futbol\/futbol-mexicano\/ignacio-ambriz-se-descarrila-ante-cruz-azul\/2016\/02","title":{"rendered":"Nacho Ambriz, se descarrila ante la M\u00e1quina"},"content":{"rendered":"<p>El s\u00e1bado se celebrar\u00e1 una edici\u00f3n m\u00e1s del <strong>Cl\u00e1sico Joven<\/strong>. Para <strong>Ignacio Ambriz<\/strong> ser\u00e1 su segundo cruce ante <strong>Cruz Azul<\/strong> como t\u00e9cnico del <strong>Am\u00e9rica<\/strong>. Y aunque gan\u00f3 aquel encuentro, la historia general de <em>Nacho<\/em> con la <em>M\u00e1quina<\/em>\u00a0no es del todo grata.<\/p>\n<p>El primer choque de <em>Nacho<\/em>\u00a0<strong>Ambriz<\/strong>\u00a0como entrenador contra <strong>Cruz Azul<\/strong> fue en 2003 y se llev\u00f3 una senda goleada cuando dirig\u00eda al Puebla (4-0). Su primera victoria ante el club <em>cementero<\/em>\u00a0se dio cuando dirig\u00eda\u00a0a las Chivas en el Clausura 2012 (2-1) y sum\u00f3 una m\u00e1s al frente del\u00a0Quer\u00e9taro en el Apertura 2013 (0-2).<\/p>\n<p style=\"text-align: center;\"><span style=\"color: #3366ff;\"><strong><a style=\"color: #3366ff;\" href=\"http:\/\/futboltotal.com.mx\/2016\/02\/tomas-boy-el-jefe-del-america\/\">LEER M\u00c1S: Tom\u00e1s Boy, un JEFE ante Am\u00e9rica<\/a><\/strong><\/span><\/p>\n<p>Pese a esos triunfos comentados, sus n\u00fameros son bastante flojos y reflejan siete derrotas, dos igualadas y solo tres victorias, situaci\u00f3n que ratifica que <strong>Nacho Ambriz\u00a0se descarrila ante la M\u00e1quina.<\/strong><\/p>\n<table class=\"tabla_estufa\" style=\"height: 38px; width: 486px; margin: 0px auto;\" width=\"258\">\n<tbody>\n<tr>\n<td style=\"text-align: center;\" colspan=\"3\" width=\"199\"><strong>Los n\u00fameros de <em>Nacho<\/em> Ambriz ante la <em>M\u00e1quina<\/em><\/strong><\/td>\n<\/tr>\n<tr>\n<td style=\"text-align: center;\" width=\"199\">3 victorias<\/td>\n<td style=\"text-align: center;\" width=\"200\">2\u00a0empates<\/td>\n<td style=\"text-align: center;\" width=\"200\">7\u00a0derrotas<\/td>\n<\/tr>\n<\/tbody>\n<\/table>\n<p>Despu\u00e9s de varias semanas en las que <strong>Ignacio Ambriz<\/strong> ha tenido que improvisar por las ausencias que ha tenido en cuanto a jugadores se refiere, todo apunta a que este s\u00e1bado, en el <strong>Cl\u00e1sico Joven<\/strong>,\u00a0s\u00ed podr\u00e1 contar con todo su plantel.<\/p>\n<p style=\"text-align: center;\"><span style=\"color: #3366ff;\"><strong><a style=\"color: #3366ff;\" href=\"http:\/\/futboltotal.com.mx\/2016\/02\/america-vs-cruz-azul-duelo-de-chequeras\/\">LEER M\u00c1S: Am\u00e9rica, M\u00c1$ que Cruz Azul<\/a><\/strong><\/span><\/p>\n<p>William da Silva, quien estuvo ausente del partido ante Veracruz por una contractura que sufri\u00f3 ante Santos, ya trabaja al parejo del equipo por lo que podr\u00eda volver a ser titular ante <strong>Cruz Azul<\/strong>\u00a0en el partido duelo m\u00e1s destacado de la jornada 7 del Clausura 2016.<\/p>\n<p>Otro jugador del <strong>Am\u00e9rica<\/strong> que est\u00e1 a punto pero que no ha sido tomado en cuenta desde que tuvo molestias musculares es Miguel Samudio,\u00a0aunque ante el cuadro <em>cementero<\/em> podr\u00eda reaparecer en lugar de Osmar Mares por la lateral izquierda.<\/p>\n<p><span style=\"color: #ff0000;\"><strong>VIDEO<\/strong>: Agenda de TV | Jornada 7 del Clausura 2016<\/span><\/p>\n<p>[video_player]https:\/\/player.vimeo.com\/external\/155566213.hd.mp4?s=1e67e7ce13967af3bac9ba344a4dac9b671a9020&amp;profile_id=113[\/video_player]<\/p>\n","protected":false},"excerpt":{"rendered":"<p>El DT del Am\u00e9rica cuenta con un historial negativo ante Cruz Azul<\/p>\n","protected":false},"author":20,"featured_media":357993,"comment_status":"closed","ping_status":"closed","sticky":false,"template":"","format":"standard","meta":[],"categories":[2198,3845,5950],"tags":[5959,5962,511],"_links":{"self":[{"href":"http:\/\/desarrollo.grupomedios.com\/futbol\/wp-json\/wp\/v2\/posts\/357990"}],"collection":[{"href":"http:\/\/desarrollo.grupomedios.com\/futbol\/wp-json\/wp\/v2\/posts"}],"about":[{"href":"http:\/\/desarrollo.grupomedios.com\/futbol\/wp-json\/wp\/v2\/types\/post"}],"author":[{"embeddable":true,"href":"http:\/\/desarrollo.grupomedios.com\/futbol\/wp-json\/wp\/v2\/users\/20"}],"replies":[{"embeddable":true,"href":"http:\/\/desarrollo.grupomedios.com\/futbol\/wp-json\/wp\/v2\/comments?post=357990"}],"version-history":[{"count":0,"href":"http:\/\/desarrollo.grupomedios.com\/futbol\/wp-json\/wp\/v2\/posts\/357990\/revisions"}],"wp:featuredmedia":[{"embeddable":true,"href":"http:\/\/desarrollo.grupomedios.com\/futbol\/wp-json\/wp\/v2\/media\/357993"}],"wp:attachment":[{"href":"http:\/\/desarrollo.grupomedios.com\/futbol\/wp-json\/wp\/v2\/media?parent=357990"}],"wp:term":[{"taxonomy":"category","embeddable":true,"href":"http:\/\/desarrollo.grupomedios.com\/futbol\/wp-json\/wp\/v2\/categories?post=357990"},{"taxonomy":"post_tag","embeddable":true,"href":"http:\/\/desarrollo.grupomedios.com\/futbol\/wp-json\/wp\/v2\/tags?post=357990"}],"curies":[{"name":"wp","href":"https:\/\/api.w.org\/{rel}","templated":true}]}}