{"id":358164,"date":"2016-02-18T08:00:49","date_gmt":"2016-02-18T14:00:49","guid":{"rendered":"http:\/\/futboltotal.com.mx\/?p=358164"},"modified":"2016-02-18T08:07:41","modified_gmt":"2016-02-18T14:07:41","slug":"la-europa-league-mas-mexicana-de-la-historia","status":"publish","type":"post","link":"http:\/\/desarrollo.grupomedios.com\/futbol\/destacado-home\/la-europa-league-mas-mexicana-de-la-historia\/2016\/02","title":{"rendered":"Europa League, m\u00e1s mexicana que nunca"},"content":{"rendered":"<p>Lejos del <em>glamour<\/em>\u00a0 y la alta competitividad que ofrece la Champions, la <strong>Europa League <\/strong>se convierte\u00a0en refugio para los mexicanos. En la <span class=\"st\">edici\u00f3n 45 del certamen europeo<\/span><span class=\"st\">\u00a0tendr\u00e1 por segunda ocasi\u00f3n en la historia, la\u00a0<\/span>mayor presencia de jugadores <em>tricolores.<\/em><\/p>\n<p>En el escaparate donde lucen los clubes de mediano rendimiento en Europa<em>\u00a0<\/em>hay una nueva oportunidad para <strong>H\u00e9ctor Herrera<\/strong>,<strong> Jonathan dos Santos<\/strong>,<strong> Chicharito Hern\u00e1ndez<\/strong>,<strong> Alan Pulido<\/strong>,<strong> Miguel Lay\u00fan<\/strong> y<strong> Tecatito Corona<\/strong>, quienes inician su participaci\u00f3n en los dieciseisavos de final de\u00a0la otrora Copa de la UEFA, donde el m\u00e1ximo referente mexicano es Hugo S\u00e1nchez, campe\u00f3n con el Real Madrid en la campa\u00f1a 1985-86.<\/p>\n<p style=\"text-align: center;\"><span style=\"color: #3366ff;\"><strong><a style=\"color: #3366ff;\" href=\"http:\/\/futboltotal.com.mx\/2016\/02\/los-records-mas-locos-y-raros-del-futbol\/\">LEER M\u00c1S: Los r\u00e9cords m\u00e1s locos y raros del futbol<\/a><\/strong><\/span><\/p>\n<p>Herrera, <em>Jona<\/em> y <strong>Chicharito<\/strong>\u00a0disputar\u00e1n por segunda ocasi\u00f3n el certamen, mientras Pulido, Lay\u00fan y <em>Tecatito<\/em>\u00a0estar\u00e1n a la espera de incluir su nombre entre los 21 jugadores <em>aztecas<\/em> que lo han jugado.<\/p>\n<p style=\"text-align: right;\"><em>* IMAGEN INTERACTIVA | Sit\u00faa el dedo \u00edndice o el cursor dentro de la imagen para ver el texto.<\/em><\/p>\n<p><img decoding=\"async\" class=\"alwaysThinglink\" style=\"max-width: 100%;\" src=\"\/\/cdn.thinglink.me\/api\/image\/756384215422992386\/1024\/10\/scaletowidth#tl-756384215422992386;1043138249'\" alt=\"Europa League, m\u00e1s mexicana que nunca 0\" \/><\/p>\n<p><script src=\"\/\/cdn.thinglink.me\/jse\/embed.js\" async=\"\" charset=\"utf-8\"><\/script><\/p>\n","protected":false},"excerpt":{"rendered":"<p>Seis futbolistas mexicanos disputar\u00e1n la justa continental<\/p>\n","protected":false},"author":20,"featured_media":358213,"comment_status":"closed","ping_status":"closed","sticky":false,"template":"","format":"standard","meta":[],"categories":[5,3857,3839,6718],"tags":[4335,516,3358,1035,1208,6045,2607],"_links":{"self":[{"href":"http:\/\/desarrollo.grupomedios.com\/futbol\/wp-json\/wp\/v2\/posts\/358164"}],"collection":[{"href":"http:\/\/desarrollo.grupomedios.com\/futbol\/wp-json\/wp\/v2\/posts"}],"about":[{"href":"http:\/\/desarrollo.grupomedios.com\/futbol\/wp-json\/wp\/v2\/types\/post"}],"author":[{"embeddable":true,"href":"http:\/\/desarrollo.grupomedios.com\/futbol\/wp-json\/wp\/v2\/users\/20"}],"replies":[{"embeddable":true,"href":"http:\/\/desarrollo.grupomedios.com\/futbol\/wp-json\/wp\/v2\/comments?post=358164"}],"version-history":[{"count":0,"href":"http:\/\/desarrollo.grupomedios.com\/futbol\/wp-json\/wp\/v2\/posts\/358164\/revisions"}],"wp:featuredmedia":[{"embeddable":true,"href":"http:\/\/desarrollo.grupomedios.com\/futbol\/wp-json\/wp\/v2\/media\/358213"}],"wp:attachment":[{"href":"http:\/\/desarrollo.grupomedios.com\/futbol\/wp-json\/wp\/v2\/media?parent=358164"}],"wp:term":[{"taxonomy":"category","embeddable":true,"href":"http:\/\/desarrollo.grupomedios.com\/futbol\/wp-json\/wp\/v2\/categories?post=358164"},{"taxonomy":"post_tag","embeddable":true,"href":"http:\/\/desarrollo.grupomedios.com\/futbol\/wp-json\/wp\/v2\/tags?post=358164"}],"curies":[{"name":"wp","href":"https:\/\/api.w.org\/{rel}","templated":true}]}}