{"id":358207,"date":"2016-02-17T10:07:54","date_gmt":"2016-02-17T16:07:54","guid":{"rendered":"http:\/\/futboltotal.com.mx\/?p=358207"},"modified":"2016-02-17T10:09:23","modified_gmt":"2016-02-17T16:09:23","slug":"los-nuevos-socios-de-marco-fabian","status":"publish","type":"post","link":"http:\/\/desarrollo.grupomedios.com\/futbol\/futbol-internacional\/los-nuevos-socios-de-marco-fabian\/2016\/02","title":{"rendered":"Los nuevos socios de Marco Fabi\u00e1n"},"content":{"rendered":"<p>En el mercado invernal pasado, <a href=\"http:\/\/futboltotal.com.mx\/2015\/12\/oficial-marco-fabian-nuevo-jugador-del-eintracht-frankfurt\/\" target=\"_blank\"><strong>Marco Fabi\u00e1n<\/strong> cumpli\u00f3 su sue\u00f1o de ir al futbol europeo y lo hizo con el Eintracht Frankfurt<\/a>. As\u00ed, el ex atacante de <em>Chivas<\/em> se convirti\u00f3 en el segundo mexicano en la actual campa\u00f1a de la <strong><em>Bundesliga<\/em><\/strong>, junto al <strong><em>Chicharito<\/em> Hern\u00e1ndez<\/strong>, aunque en un contexto diferente, pues mientras Javier y el Leverkusen participan en competencias europeas y luchan por meterse en los puestos de la liga que califican a torneos continentales para la pr\u00f3xima campa\u00f1a, el equipo de Marco lucha por evitar el descenso. Por si todav\u00eda no has seguido lo suficiente a la nueva escuadra de Fabi\u00e1n de la Mora, te presentamos a su entrenador y a cuatro de los hombres clave en su nuevo grupo de compa\u00f1eros.<\/p>\n<p><strong><span style=\"color: #800000;\">Armin Veh, Alemania, 55 a\u00f1os |<\/span><\/strong><span style=\"color: #ff0000;\">\u00a0<\/span>Originario de Augsburg, el entrenador vive su segunda etapa al frente del cuadro del Eintracht. En la primera, de 2011 a 2014, tom\u00f3 al equipo en la segunda divisi\u00f3n y en su primera campa\u00f1a logr\u00f3 el ascenso a la <em>Bundesliga<\/em>. Adem\u00e1s, en su primer a\u00f1o de regreso en el m\u00e1ximo circuito, llev\u00f3 al equipo al sexto lugar general y obtuvieron su pase a la <em>Europa League<\/em> 2013-14. Sin embargo, sus m\u00e1ximos logros no los consigui\u00f3 con las <em>\u00c1guilas<\/em>, sino con el Stuttgart. Con ese club, gan\u00f3 el t\u00edtulo de la Bundesliga 2006-07 y en esa campa\u00f1a tuvo tambi\u00e9n a sus \u00f3rdenes a Pavel Pardo y Ricardo Osorio, por lo que Fabi\u00e1n no es el primer mexicano a quien dirige.<\/p>\n<p style=\"text-align: center;\"><span style=\"color: #3366ff;\"><strong><a style=\"color: #3366ff;\" href=\"http:\/\/futboltotal.com.mx\/2016\/01\/armin-veh-un-tecnico-deslumbrado-por-los-mexicanos\/\" target=\"_blank\">LEER M\u00c1S: Armin Veh: un t\u00e9cnico deslumbrado por los mexicanos<\/a><\/strong><\/span><\/p>\n<p><span style=\"color: #ff0000;\"><strong><span style=\"color: #800000;\">Lukas Hradecky, Finlandia, 26 a\u00f1os |<\/span><\/strong>\u00a0<\/span>Tras seis a\u00f1os en la primera divisi\u00f3n danesa (en la que fue Mejor Portero de 2013), el arquero pas\u00f3 esta campa\u00f1a al Frankfurt. En 2010, cuando Hradecky ten\u00eda 20 a\u00f1os, se prob\u00f3 con el Manchester United y ese mismo a\u00f1o comenz\u00f3 su trayectoria como portero de la selecci\u00f3n mayor de Finlandia (aunque naci\u00f3 en Eslovaquia), con la que disputo las eliminatorias para la <em>Euro<\/em> 2016. En los primeros 21 encuentros de la Bundesliga 2015-16, ha dejado cuatro veces su arco en cero, algo que atribuye a que en Alemania \u201cla mayor\u00eda de los equipos se enfoca m\u00e1s en ser ofensivos, contra lo que sucede en Dinamarca\u201d.<\/p>\n<p><iframe loading=\"lazy\" src=\"https:\/\/www.youtube.com\/embed\/7E2OBcJA_Tk?feature=oembed\" frameborder=\"0\" allowfullscreen><\/iframe><\/p>\n<p><strong><span style=\"color: #800000;\">Bastian Ocsipka, Alemania, 27 a\u00f1os |<\/span><\/strong>\u00a0El St. Pauli fue el club con el que este lateral izquierdo logr\u00f3 debutar en primera divisi\u00f3n, en la temporada 2010-11. Sin embargo, fue hasta que se uni\u00f3 a las <em>\u00c1guilas<\/em>, en 2012-13, cuando se consolid\u00f3 definitivamente. En el ciclo actual, es el jugador de campo con m\u00e1s actividad en el equipo: disput\u00f3 completos los primeros 21 encuentros de la <em>Bundesliga<\/em> (1890 minutos), igual que Hradecky, pero con dos partidos jugados en la copa supera al arquero, que solo particip\u00f3 en uno. Por su antig\u00fcedad en el equipo (este es su cuarto ciclo), siente que tiene el liderazgo para ser capit\u00e1n cuando la oportunidad se presente: \u201cEstoy en la mejor edad futbol\u00edstica y soy uno de los m\u00e1s experimentados del club\u201d.<\/p>\n<p><span style=\"color: #ff0000;\"><strong><span style=\"color: #800000;\">Alexander Meier, Alemania, 33 a\u00f1os |<\/span><\/strong>\u00a0<\/span>Es el capit\u00e1n y goleador del club, con 12 hasta la fecha 21 del ciclo 2015-16 (uno cada 123 minutos jugados). Alex <em>El Grande<\/em> se uni\u00f3 al equipo para la campa\u00f1a 2004-05, procedente del St. Pauli. Adem\u00e1s de ser el mejor anotador del Frankfurt en la temporada actual, lo fue tambi\u00e9n en la pasada, con 19 goles que lo convirtieron en el campe\u00f3n goleador de la liga alemana, por encima de tipos como Robert Lewandowski y Arjen Robben (quienes hicieron 17 tantos cada uno). \u00c9l anot\u00f3 el gol que naci\u00f3 de la jugada que Marco Fabi\u00e1n fabric\u00f3 en su primer partido en la Bundesliga, ante Wolfsburg.<\/p>\n<p><iframe loading=\"lazy\" src=\"https:\/\/www.youtube.com\/embed\/q8qMQRvXahk?feature=oembed\" frameborder=\"0\" allowfullscreen><\/iframe><\/p>\n<p><span style=\"color: #ff0000;\"><strong><span style=\"color: #800000;\">Haris Seferovic, Suiza, 23 a\u00f1os |<\/span><\/strong>\u00a0<\/span>Campe\u00f3n del Mundo Sub 17 en 2009, antes de llegar al Frankfurt para la temporada 2014-15, este atacante suizo estuvo en su pa\u00eds, en Italia (en primera y segunda) y en Espa\u00f1a. Marco Fabi\u00e1n no es el primer mexicano con el que comparte equipo; en la <em>Liga<\/em> fue parte de la Real Sociedad, donde coincidi\u00f3 con Carlos Vela. Puede jugar como 9 o como segundo delantero, que es el rol en el que suele desempe\u00f1arse con las <em>\u00c1guilas<\/em>. <a href=\"http:\/\/futboltotal.com.mx\/2016\/01\/debut-de-marco-fabian-molesta-en-frankfurt\/\" target=\"_blank\">Desde que Fabi\u00e1n lleg\u00f3 al equipo, su actividad ha disminuido<\/a>: pas\u00f3 de jugar el 78.1 por ciento de los minutos disponibles al 50.6 por ciento. A\u00fan as\u00ed, es el mejor asistidor del equipo, con cinco pases de gol.<\/p>\n<p><iframe loading=\"lazy\" src=\"https:\/\/www.youtube.com\/embed\/kz4a7DG3FIg?feature=oembed\" frameborder=\"0\" allowfullscreen><\/iframe><\/p>\n","protected":false},"excerpt":{"rendered":"<p>Te presentamos a cuatro jugadores clave y al DT de Marco Fabi\u00e1n en Frankfurt<\/p>\n","protected":false},"author":20,"featured_media":358224,"comment_status":"closed","ping_status":"closed","sticky":false,"template":"","format":"standard","meta":[],"categories":[3839,6718,5951],"tags":[119,4980,131,6722],"_links":{"self":[{"href":"http:\/\/desarrollo.grupomedios.com\/futbol\/wp-json\/wp\/v2\/posts\/358207"}],"collection":[{"href":"http:\/\/desarrollo.grupomedios.com\/futbol\/wp-json\/wp\/v2\/posts"}],"about":[{"href":"http:\/\/desarrollo.grupomedios.com\/futbol\/wp-json\/wp\/v2\/types\/post"}],"author":[{"embeddable":true,"href":"http:\/\/desarrollo.grupomedios.com\/futbol\/wp-json\/wp\/v2\/users\/20"}],"replies":[{"embeddable":true,"href":"http:\/\/desarrollo.grupomedios.com\/futbol\/wp-json\/wp\/v2\/comments?post=358207"}],"version-history":[{"count":0,"href":"http:\/\/desarrollo.grupomedios.com\/futbol\/wp-json\/wp\/v2\/posts\/358207\/revisions"}],"wp:featuredmedia":[{"embeddable":true,"href":"http:\/\/desarrollo.grupomedios.com\/futbol\/wp-json\/wp\/v2\/media\/358224"}],"wp:attachment":[{"href":"http:\/\/desarrollo.grupomedios.com\/futbol\/wp-json\/wp\/v2\/media?parent=358207"}],"wp:term":[{"taxonomy":"category","embeddable":true,"href":"http:\/\/desarrollo.grupomedios.com\/futbol\/wp-json\/wp\/v2\/categories?post=358207"},{"taxonomy":"post_tag","embeddable":true,"href":"http:\/\/desarrollo.grupomedios.com\/futbol\/wp-json\/wp\/v2\/tags?post=358207"}],"curies":[{"name":"wp","href":"https:\/\/api.w.org\/{rel}","templated":true}]}}