{"id":358227,"date":"2016-02-17T10:18:28","date_gmt":"2016-02-17T16:18:28","guid":{"rendered":"http:\/\/futboltotal.com.mx\/?p=358227"},"modified":"2016-02-17T10:18:28","modified_gmt":"2016-02-17T16:18:28","slug":"nahuel-guzman-amenaza-me-volvere-a-equivocar","status":"publish","type":"post","link":"http:\/\/desarrollo.grupomedios.com\/futbol\/futbol-mexicano\/nahuel-guzman-amenaza-me-volvere-a-equivocar\/2016\/02","title":{"rendered":"Nahuel Guzm\u00e1n, amenaza: me volver\u00e9 a equivocar"},"content":{"rendered":"<p><strong>Nahuel Guzm\u00e1n<\/strong>, portero de <strong>Tigres<\/strong>, reconoci\u00f3 que <a href=\"http:\/\/futboltotal.com.mx\/2016\/02\/nahuel-guzman-intenta-un-neuer-pero-hace-el-oso\/\" target=\"_blank\">se equivoc\u00f3 en el partido ante Tijuana<\/a>. Sin embargo,\u00a0el arquero\u00a0argentino dej\u00f3 en claro que no cambiar\u00e1 su estilo de juego, al tiempo que apunt\u00f3\u00a0que seguramente se volver\u00e1 a equivocar.<\/p>\n<p>\u201cMe parece raro tener que justificarme, no lo voy hacer, esto es un error, una mala decisi\u00f3n y nada m\u00e1s. Despu\u00e9s, respecto al estilo personal, no hay nada que modificar, creo que ayuda mucho al equipo\u201d, declar\u00f3 <strong>Nahuel Guzm\u00e1n<\/strong>.<\/p>\n<p>\u201cNo va ser ni la primera ni la \u00faltima vez que me equivoqu\u00e9\u201d, agreg\u00f3.<\/p>\n<p style=\"text-align: center;\"><span style=\"color: #3366ff;\"><strong><a style=\"color: #3366ff;\" href=\"http:\/\/futboltotal.com.mx\/2016\/02\/nahuel-guzman-intenta-un-neuer-pero-hace-el-oso\/\">VER M\u00c1S: Nahuel Guzm\u00e1n intenta un &#8216;Neuer&#8217;, pero hace el oso<\/a><\/strong><\/span><\/p>\n<p>El pasado s\u00e1bado, dentro de la jornada 6 del Clausura 2016,<strong> Nahuel Guzm\u00e1n<\/strong>\u00a0quiso emular al alem\u00e1n Manuel Neuer, portero del Bayer Munich reconocido por sus atajadas y por sus salidas que alcanzan casi el medio campo,\u00a0pero fall\u00f3 en el intento.<\/p>\n<p>En ese sentido, cabe apuntar que las cr\u00edticas llegaron para el portero de <strong>Tigres<\/strong>,\u00a0principalmente porque su acci\u00f3n repercuti\u00f3 directamente en el marcador final: derrota de los <em>felinos<\/em> ante <em>Xolos<\/em>.<\/p>\n","protected":false},"excerpt":{"rendered":"<p>El portero de Tigres habl\u00f3 de su falla ante Xolos<\/p>\n","protected":false},"author":20,"featured_media":358232,"comment_status":"closed","ping_status":"closed","sticky":false,"template":"","format":"standard","meta":[],"categories":[2198,3845,5950],"tags":[6129,5973],"_links":{"self":[{"href":"http:\/\/desarrollo.grupomedios.com\/futbol\/wp-json\/wp\/v2\/posts\/358227"}],"collection":[{"href":"http:\/\/desarrollo.grupomedios.com\/futbol\/wp-json\/wp\/v2\/posts"}],"about":[{"href":"http:\/\/desarrollo.grupomedios.com\/futbol\/wp-json\/wp\/v2\/types\/post"}],"author":[{"embeddable":true,"href":"http:\/\/desarrollo.grupomedios.com\/futbol\/wp-json\/wp\/v2\/users\/20"}],"replies":[{"embeddable":true,"href":"http:\/\/desarrollo.grupomedios.com\/futbol\/wp-json\/wp\/v2\/comments?post=358227"}],"version-history":[{"count":0,"href":"http:\/\/desarrollo.grupomedios.com\/futbol\/wp-json\/wp\/v2\/posts\/358227\/revisions"}],"wp:featuredmedia":[{"embeddable":true,"href":"http:\/\/desarrollo.grupomedios.com\/futbol\/wp-json\/wp\/v2\/media\/358232"}],"wp:attachment":[{"href":"http:\/\/desarrollo.grupomedios.com\/futbol\/wp-json\/wp\/v2\/media?parent=358227"}],"wp:term":[{"taxonomy":"category","embeddable":true,"href":"http:\/\/desarrollo.grupomedios.com\/futbol\/wp-json\/wp\/v2\/categories?post=358227"},{"taxonomy":"post_tag","embeddable":true,"href":"http:\/\/desarrollo.grupomedios.com\/futbol\/wp-json\/wp\/v2\/tags?post=358227"}],"curies":[{"name":"wp","href":"https:\/\/api.w.org\/{rel}","templated":true}]}}