{"id":358230,"date":"2016-02-17T11:34:58","date_gmt":"2016-02-17T17:34:58","guid":{"rendered":"http:\/\/futboltotal.com.mx\/?p=358230"},"modified":"2016-02-17T13:56:39","modified_gmt":"2016-02-17T19:56:39","slug":"historico-de-mexicanos-en-la-europa-league-2","status":"publish","type":"post","link":"http:\/\/desarrollo.grupomedios.com\/futbol\/futbol-internacional\/historico-de-mexicanos-en-la-europa-league-2\/2016\/02","title":{"rendered":"Hist\u00f3rico de mexicanos en la Europa League"},"content":{"rendered":"<p>La <strong>Europa League<\/strong> 2008-09 fue emblem\u00e1tica para los mexicanos<em>.<\/em> Cinco a\u00f1os despu\u00e9s de que Rafael M\u00e1rquez fue el primer jugador que particip\u00f3 en la justa europea en el nuevo milenio (Barcelona 2003-04), por primera vez seis mexicanos tuvieron oportunidad de participar: Andr\u00e9s Guardado (Deportivo), Omar Bravo (Deportivo), P\u00e1vel Pardo (Stuttgrat), Ricardo Osorio (Stuttgart), Giovani dos Santos (Tottenham) y Nery Castillo (Shakhtar).<\/p>\n<p>En aquella edici\u00f3n, el \u00fanico que se qued\u00f3 con ganas de jugar al menos un partido fue el delantero del conjunto ucraniano, que hab\u00eda debutado en la campa\u00f1a 2004-05 con el Olympiakos y no pudo ayudar a la coronaci\u00f3n de su club. El resto de ellos debutaron y los que lograron marcar gol fueron Guardado y Dos Santos, que entraron en la lista de anotadores <em>aztecas <\/em>donde hasta entonces solo figuraban Hugo S\u00e1nchez, Manuel Negrete, Luis Garc\u00eda, Jared Borgetti y el naturalizado Guillermo Franco.<\/p>\n<p style=\"text-align: center;\"><strong><a style=\"color: #3366ff;\" href=\"http:\/\/futboltotal.com.mx\/2016\/02\/la-europa-league-mas-mexicana-de-la-historia\/\">LEER M\u00c1S: La Europa League m\u00e1s mexicana que nunca<\/a><\/strong><\/p>\n<p>Para la presente <strong>Europa League<\/strong>, de nueva cuenta <span style=\"color: #3366ff;\"><a style=\"color: #3366ff;\" href=\"http:\/\/futboltotal.com.mx\/2016\/02\/la-europa-league-mas-mexicana-de-la-historia\/\">seis mexicanos pueden ser protagonistas -tres de ellos puden debutar-, por lo que podr\u00eda darse una cifra r\u00e9cord de contendientes en una sola edici\u00f3n.<\/a> <\/span>Por esta raz\u00f3n te presentamos el recuento hist\u00f3rico de qui\u00e9nes la han disputado. El pionero fue Hugo S\u00e1nchez, m\u00e1ximo anotador del certamen, y el que posee la marca de m\u00e1s duelos jugados (19) es el central Francisco<em> Maza<\/em> Rodr\u00edguez.<\/p>\n<p><a href=\"http:\/\/futboltotal.com.mx\/wp-content\/uploads\/2016\/02\/HISTORICO-DE-MEXICANOS-EN-EUROPA-LEAGUE.jpg\" rel=\"attachment wp-att-358235\"><img decoding=\"async\" loading=\"lazy\" class=\"alignnone size-full wp-image-358235\" src=\"http:\/\/futboltotal.com.mx\/wp-content\/uploads\/2016\/02\/HISTORICO-DE-MEXICANOS-EN-EUROPA-LEAGUE.jpg\" alt=\"HISTORICO-DE-MEXICANOS-EN-EUROPA-LEAGUE\" srcset=\"http:\/\/desarrollo.grupomedios.com\/futbol\/wp-content\/uploads\/2016\/02\/HISTORICO-DE-MEXICANOS-EN-EUROPA-LEAGUE.jpg 2144w, http:\/\/desarrollo.grupomedios.com\/futbol\/wp-content\/uploads\/2016\/02\/HISTORICO-DE-MEXICANOS-EN-EUROPA-LEAGUE-300x272.jpg 300w, http:\/\/desarrollo.grupomedios.com\/futbol\/wp-content\/uploads\/2016\/02\/HISTORICO-DE-MEXICANOS-EN-EUROPA-LEAGUE-768x695.jpg 768w, http:\/\/desarrollo.grupomedios.com\/futbol\/wp-content\/uploads\/2016\/02\/HISTORICO-DE-MEXICANOS-EN-EUROPA-LEAGUE-1024x927.jpg 1024w\" sizes=\"(max-width: 2144px) 100vw, 2144px\" \/><\/a><\/p>\n","protected":false},"excerpt":{"rendered":"<p>M\u00e1s de una veintena de tricolores han disputado el certamen<\/p>\n","protected":false},"author":20,"featured_media":358270,"comment_status":"closed","ping_status":"closed","sticky":false,"template":"","format":"standard","meta":[],"categories":[3857,3839,5951],"tags":[516],"_links":{"self":[{"href":"http:\/\/desarrollo.grupomedios.com\/futbol\/wp-json\/wp\/v2\/posts\/358230"}],"collection":[{"href":"http:\/\/desarrollo.grupomedios.com\/futbol\/wp-json\/wp\/v2\/posts"}],"about":[{"href":"http:\/\/desarrollo.grupomedios.com\/futbol\/wp-json\/wp\/v2\/types\/post"}],"author":[{"embeddable":true,"href":"http:\/\/desarrollo.grupomedios.com\/futbol\/wp-json\/wp\/v2\/users\/20"}],"replies":[{"embeddable":true,"href":"http:\/\/desarrollo.grupomedios.com\/futbol\/wp-json\/wp\/v2\/comments?post=358230"}],"version-history":[{"count":0,"href":"http:\/\/desarrollo.grupomedios.com\/futbol\/wp-json\/wp\/v2\/posts\/358230\/revisions"}],"wp:featuredmedia":[{"embeddable":true,"href":"http:\/\/desarrollo.grupomedios.com\/futbol\/wp-json\/wp\/v2\/media\/358270"}],"wp:attachment":[{"href":"http:\/\/desarrollo.grupomedios.com\/futbol\/wp-json\/wp\/v2\/media?parent=358230"}],"wp:term":[{"taxonomy":"category","embeddable":true,"href":"http:\/\/desarrollo.grupomedios.com\/futbol\/wp-json\/wp\/v2\/categories?post=358230"},{"taxonomy":"post_tag","embeddable":true,"href":"http:\/\/desarrollo.grupomedios.com\/futbol\/wp-json\/wp\/v2\/tags?post=358230"}],"curies":[{"name":"wp","href":"https:\/\/api.w.org\/{rel}","templated":true}]}}