{"id":358359,"date":"2016-02-17T12:37:20","date_gmt":"2016-02-17T18:37:20","guid":{"rendered":"http:\/\/futboltotal.com.mx\/?p=358359"},"modified":"2016-02-17T15:17:30","modified_gmt":"2016-02-17T21:17:30","slug":"me-parezco-a-juan-roman-riquelme-hector-herrera","status":"publish","type":"post","link":"http:\/\/desarrollo.grupomedios.com\/futbol\/destacado-home\/me-parezco-a-juan-roman-riquelme-hector-herrera\/2016\/02","title":{"rendered":"H\u00e9ctor Herrera, el Riquelme mexicano"},"content":{"rendered":"<p>No es un secreto que el futbolista del <strong>Porto<\/strong> y la <a href=\"http:\/\/www.futboltotal.com.mx\/futbol-mexicano\/seleccion-mexicana\/\" target=\"_blank\"><strong>Selecci\u00f3n Mexicana<\/strong><\/a>, <strong>H\u00e9ctor Herrera<\/strong>, es un fan\u00e1tico del Juan Rom\u00e1n Riquelme, pero ahora, el volante asegura que sus condiciones y forma de juego son similares a las del argentino.<\/p>\n<p>En una entrevista concedida a la revista oficial del <strong>Porto<\/strong>, <strong>H\u00e9ctor Herrera<\/strong>, comparti\u00f3 su admiraci\u00f3n por <strong>Juan Rom\u00e1n Riquelme<\/strong>, a quien emula en cada batalla que juega con los <em>Dragones<\/em> y el <em>tricolor<\/em>. Tal es su motivaci\u00f3n de seguir los pasos del <em>crack<\/em> argentino, que incluso podr\u00eda ser su gemelo, por la forma en que se desenvuelve dentro del campo.<\/p>\n<p>&#8220;Por la clase que ten\u00eda jugando, la tranquilidad, la visi\u00f3n de juego y porque me gustaba mucho la forma en la que trataba el bal\u00f3n, para m\u00ed, es el mejor, y creo que me parezco mucho a \u00e9l en la forma de jugar&#8221;, dijo <strong>H\u00e9ctor Herrera<\/strong> a la revista <em>Dragoes<\/em>.<\/p>\n<p style=\"text-align: center;\"><strong><a style=\"color: #3366ff;\" href=\"http:\/\/futboltotal.com.mx\/2016\/02\/hector-herrera-en-la-mira-de-la-juventus\/\" target=\"_blank\">LEER M\u00c1S: Juventus tiene en la mira a H\u00e9ctor Herrera<\/a><\/strong><\/p>\n<p>En la misma charla para el suplemento oficial del <strong>Porto<\/strong>, <strong>H\u00e9ctor Herrera<\/strong> no s\u00f3lo dej\u00f3 elogios para quien considera el mejor futbolista; tambi\u00e9n lo hizo hacia Rafael M\u00e1rquez, zaguero de categor\u00eda mundial que ha sido capit\u00e1n de la <strong>Selecci\u00f3n Mexicana<\/strong> en cuatro Copas del Mundo, y con quien ha compartido vestidor, justamente, en el combinado nacional.<\/p>\n<p><span style=\"color: #ff0000;\"><strong>VIDEO: Las 10 cosas que quer\u00edas saber sobre\u2026 Rubens Sambueza<\/strong>.<\/span><\/p>\n<p>[video_player]https:\/\/player.vimeo.com\/external\/155704301.hd.mp4?s=48821ef737b9600cdadf0bc6ed9443691bb0ba9b&amp;profile_id=113[\/video_player]<\/p>\n","protected":false},"excerpt":{"rendered":"<p>HH se compara con el futbolista argentino<\/p>\n","protected":false},"author":20,"featured_media":358363,"comment_status":"closed","ping_status":"closed","sticky":false,"template":"","format":"standard","meta":[],"categories":[5,3839,6718],"tags":[5995,4545],"_links":{"self":[{"href":"http:\/\/desarrollo.grupomedios.com\/futbol\/wp-json\/wp\/v2\/posts\/358359"}],"collection":[{"href":"http:\/\/desarrollo.grupomedios.com\/futbol\/wp-json\/wp\/v2\/posts"}],"about":[{"href":"http:\/\/desarrollo.grupomedios.com\/futbol\/wp-json\/wp\/v2\/types\/post"}],"author":[{"embeddable":true,"href":"http:\/\/desarrollo.grupomedios.com\/futbol\/wp-json\/wp\/v2\/users\/20"}],"replies":[{"embeddable":true,"href":"http:\/\/desarrollo.grupomedios.com\/futbol\/wp-json\/wp\/v2\/comments?post=358359"}],"version-history":[{"count":0,"href":"http:\/\/desarrollo.grupomedios.com\/futbol\/wp-json\/wp\/v2\/posts\/358359\/revisions"}],"wp:featuredmedia":[{"embeddable":true,"href":"http:\/\/desarrollo.grupomedios.com\/futbol\/wp-json\/wp\/v2\/media\/358363"}],"wp:attachment":[{"href":"http:\/\/desarrollo.grupomedios.com\/futbol\/wp-json\/wp\/v2\/media?parent=358359"}],"wp:term":[{"taxonomy":"category","embeddable":true,"href":"http:\/\/desarrollo.grupomedios.com\/futbol\/wp-json\/wp\/v2\/categories?post=358359"},{"taxonomy":"post_tag","embeddable":true,"href":"http:\/\/desarrollo.grupomedios.com\/futbol\/wp-json\/wp\/v2\/tags?post=358359"}],"curies":[{"name":"wp","href":"https:\/\/api.w.org\/{rel}","templated":true}]}}