{"id":358664,"date":"2016-02-17T23:09:07","date_gmt":"2016-02-18T05:09:07","guid":{"rendered":"http:\/\/futboltotal.com.mx\/?p=358664"},"modified":"2016-02-18T10:22:44","modified_gmt":"2016-02-18T16:22:44","slug":"chivas-regresa-a-la-senda-del-triunfo","status":"publish","type":"post","link":"http:\/\/desarrollo.grupomedios.com\/futbol\/destacado-home\/chivas-regresa-a-la-senda-del-triunfo\/2016\/02","title":{"rendered":"Un \u00c1ngel da la victoria a Chivas"},"content":{"rendered":"<p><strong>Chivas<\/strong> se olvid\u00f3 el mal paso que lleva en la <strong>Liga MX<\/strong> e impuso la ley del m\u00e1s fuerte en el<strong> Omnilife. <\/strong>Con un frentazo implacable de \u00c1ngel Zald\u00edvar se llev\u00f3 la llave 2 de la <strong>Copa MX <\/strong>tras doblegar\u00a0a\u00a0<strong>Leones Negros<\/strong>,\u00a0que se desmoron\u00f3 tras quedar con nueve hombres por las expulsiones de Alberto Garc\u00eda y Daniel Guzm\u00e1n.<\/p>\n<p>Zald\u00edvar, canterano de <strong>Chivas<\/strong>, volvi\u00f3 a repetir la dosis en el partido de ida y sac\u00f3 el pecho por el equipo. Encontr\u00f3 el gol despu\u00e9s de haber fallado una ocasi\u00f3n clara que pudo abrir la cuenta en el inicio del primer tiempo. De hecho, fue el jugador que m\u00e1s remates al marco (4) tuvo durante el partido. Y en el \u00faltimo fue inmisericorde. Se elev\u00f3 entre cuatro centrales y meci\u00f3 las redes tras enchufar un centro a perfil cambiado del <em>Chapo<\/em> S\u00e1nchez.<\/p>\n<p style=\"text-align: center;\"><span style=\"color: #3366ff;\"><strong><a style=\"color: #3366ff;\" href=\"http:\/\/futboltotal.com.mx\/2016\/02\/en-vivo-chivas-vs-leones-negros-copa-mx\/\">LEER M\u00c1S: As\u00ed se vivi\u00f3 | Chivas 1-0 Leones Negros<\/a><\/strong><\/span><\/p>\n<p style=\"text-align: left;\">&#8220;El gol es m\u00e9rito de todo el equipo y todos estamos comprometidos para seguir bien en la Copa y revertir la situaci\u00f3n que vive el equipo en la Liga&#8221;, dijo Zald\u00edvar con voz entusiasta tras el cotejo.<\/p>\n<p style=\"text-align: left;\"><strong>Chivas<\/strong> consigui\u00f3 el triunfo con ciertas bondades de <strong>Leones Negros<\/strong>. Y es que al margen del paup\u00e9rrimo desempe\u00f1o ofensivo de los\u00a0<em>Melenudos,\u00a0<\/em>que tambi\u00e9n utulizaron un cuadro alternativo,\u00a0jugaron contra nueve hombres\u00a0en los \u00faltimos 20 minutos del partido, luego de que el <em>Guamerucito<\/em> Garc\u00eda fue expulsado por mostrarle los tachones a Jair Pereira y Daniel Garc\u00eda de igual forma por reclamar la acci\u00f3n. E<\/p>\n<p>Con este resultado, el\u00a0<em>Reba\u00f1o<\/em>\u00a0es el nuevo l\u00edder del Grupo 1 con 10 unidades, en tanto los <em>Melenudos<\/em> se quedan en siete, las mismas que Ju\u00e1rez, y Dorados es sotanero con tres puntos.<\/p>\n<p style=\"text-align: center;\"><strong>\u00a0<a href=\"http:\/\/futboltotal.com.mx\/2016\/02\/agenda-de-tv-jornada-7-clausura-2016\/\">VER M\u00c1S: VIDEO | Agenda TV | Jornada 7 del Clausura 2016<\/a><\/strong><br \/>\n<iframe loading=\"lazy\" src=\"https:\/\/www.youtube.com\/embed\/4R1Gda1L0sk\" frameborder=\"0\" allowfullscreen=\"allowfullscreen\"><\/iframe><\/p>\n","protected":false},"excerpt":{"rendered":"<p>El delantero firm\u00f3 a diez minutos del final el 1-0 ante Leones Negros en la Copa MX<\/p>\n","protected":false},"author":20,"featured_media":358658,"comment_status":"closed","ping_status":"closed","sticky":false,"template":"","format":"standard","meta":[],"categories":[4247,5,3839,2198],"tags":[70,285,537],"_links":{"self":[{"href":"http:\/\/desarrollo.grupomedios.com\/futbol\/wp-json\/wp\/v2\/posts\/358664"}],"collection":[{"href":"http:\/\/desarrollo.grupomedios.com\/futbol\/wp-json\/wp\/v2\/posts"}],"about":[{"href":"http:\/\/desarrollo.grupomedios.com\/futbol\/wp-json\/wp\/v2\/types\/post"}],"author":[{"embeddable":true,"href":"http:\/\/desarrollo.grupomedios.com\/futbol\/wp-json\/wp\/v2\/users\/20"}],"replies":[{"embeddable":true,"href":"http:\/\/desarrollo.grupomedios.com\/futbol\/wp-json\/wp\/v2\/comments?post=358664"}],"version-history":[{"count":0,"href":"http:\/\/desarrollo.grupomedios.com\/futbol\/wp-json\/wp\/v2\/posts\/358664\/revisions"}],"wp:featuredmedia":[{"embeddable":true,"href":"http:\/\/desarrollo.grupomedios.com\/futbol\/wp-json\/wp\/v2\/media\/358658"}],"wp:attachment":[{"href":"http:\/\/desarrollo.grupomedios.com\/futbol\/wp-json\/wp\/v2\/media?parent=358664"}],"wp:term":[{"taxonomy":"category","embeddable":true,"href":"http:\/\/desarrollo.grupomedios.com\/futbol\/wp-json\/wp\/v2\/categories?post=358664"},{"taxonomy":"post_tag","embeddable":true,"href":"http:\/\/desarrollo.grupomedios.com\/futbol\/wp-json\/wp\/v2\/tags?post=358664"}],"curies":[{"name":"wp","href":"https:\/\/api.w.org\/{rel}","templated":true}]}}