{"id":358718,"date":"2016-02-18T09:09:48","date_gmt":"2016-02-18T15:09:48","guid":{"rendered":"http:\/\/futboltotal.com.mx\/?p=358718"},"modified":"2016-02-18T09:11:12","modified_gmt":"2016-02-18T15:11:12","slug":"benzema-de-regreso-a-la-seleccion-de-francia","status":"publish","type":"post","link":"http:\/\/desarrollo.grupomedios.com\/futbol\/futbol-internacional\/benzema-de-regreso-a-la-seleccion-de-francia\/2016\/02","title":{"rendered":"Benzema, \u00bfde regreso a la Selecci\u00f3n de Francia?"},"content":{"rendered":"<p>Hay buenas noticias para el delantero franc\u00e9s <strong>Karim Benzema<\/strong>. Este d\u00eda la Fiscal\u00eda de Versalles inform\u00f3 que le ha sido retirada la prohibici\u00f3n que le imped\u00eda entrar en contacto con su compa\u00f1ero de selecci\u00f3n Mathieu Valbuena, por lo que de nueva cuenta ya puede ser convocado a la S<strong>elecci\u00f3n de Francia.<\/strong><\/p>\n<p>Fua la jueza de instrucci\u00f3n Nathalie Boutard la que levant\u00f3 el control judicial a Benzema, quien aun est\u00e1 bajo investigaci\u00f3n por presunta complicidad en un intento de extorsi\u00f3n con un video sexual a Valbuena. Sin embargo el ariete no podr\u00e1 tener contacto con el resto de los implicados en el caso.<\/p>\n<p style=\"text-align: center;\"><span style=\"color: #3366ff;\"><strong><a style=\"color: #3366ff;\" href=\"http:\/\/futboltotal.com.mx\/futbol-internacional\/\">LEER M\u00c1S: Todas las noticias de futbol internacional<\/a><\/strong><\/span><\/p>\n<p>El pasado 15 de diciembre el presidente de la Federaci\u00f3n Francesa de Futbol (FFF), No\u00ebl Le Gra\u00ebt, confirm\u00f3 que Benzema no volver\u00eda a jugar con <em>Les Bleus<\/em> hasta que no se resolviera por completo la investigaci\u00f3n. Despu\u00e9s de este primer veredicto habr\u00e1 que esperara a la pr\u00f3xima convocatoria del entrenador Didier Deschampss para saber si tanto Benzema como Valbuena regresan a la Selecci\u00f3n.<\/p>\n<p>Los pr\u00f3ximos partidos amistoso de Francia est\u00e1n pactados para el 25 y 29 de marzo, cuando enfrentan a Holanda y Rusia, respectivamente, de cara a la Eurocopa 2016.<\/p>\n<p style=\"text-align: center;\"><span style=\"color: #3366ff;\"><strong>\u00a0<\/strong><\/span><\/p>\n","protected":false},"excerpt":{"rendered":"<p>El franc\u00e9s ya puede tener contacto con Mathie Valbuena y puede ser convocado<\/p>\n","protected":false},"author":20,"featured_media":358719,"comment_status":"closed","ping_status":"closed","sticky":false,"template":"","format":"standard","meta":[],"categories":[3839,3844,5951],"tags":[6042,5988,2749],"_links":{"self":[{"href":"http:\/\/desarrollo.grupomedios.com\/futbol\/wp-json\/wp\/v2\/posts\/358718"}],"collection":[{"href":"http:\/\/desarrollo.grupomedios.com\/futbol\/wp-json\/wp\/v2\/posts"}],"about":[{"href":"http:\/\/desarrollo.grupomedios.com\/futbol\/wp-json\/wp\/v2\/types\/post"}],"author":[{"embeddable":true,"href":"http:\/\/desarrollo.grupomedios.com\/futbol\/wp-json\/wp\/v2\/users\/20"}],"replies":[{"embeddable":true,"href":"http:\/\/desarrollo.grupomedios.com\/futbol\/wp-json\/wp\/v2\/comments?post=358718"}],"version-history":[{"count":0,"href":"http:\/\/desarrollo.grupomedios.com\/futbol\/wp-json\/wp\/v2\/posts\/358718\/revisions"}],"wp:featuredmedia":[{"embeddable":true,"href":"http:\/\/desarrollo.grupomedios.com\/futbol\/wp-json\/wp\/v2\/media\/358719"}],"wp:attachment":[{"href":"http:\/\/desarrollo.grupomedios.com\/futbol\/wp-json\/wp\/v2\/media?parent=358718"}],"wp:term":[{"taxonomy":"category","embeddable":true,"href":"http:\/\/desarrollo.grupomedios.com\/futbol\/wp-json\/wp\/v2\/categories?post=358718"},{"taxonomy":"post_tag","embeddable":true,"href":"http:\/\/desarrollo.grupomedios.com\/futbol\/wp-json\/wp\/v2\/tags?post=358718"}],"curies":[{"name":"wp","href":"https:\/\/api.w.org\/{rel}","templated":true}]}}