{"id":358729,"date":"2016-03-08T09:20:40","date_gmt":"2016-03-08T15:20:40","guid":{"rendered":"http:\/\/futboltotal.com.mx\/?p=358729"},"modified":"2016-03-08T09:25:08","modified_gmt":"2016-03-08T15:25:08","slug":"sandra-rossi-poder-mental-en-river-plate","status":"publish","type":"post","link":"http:\/\/desarrollo.grupomedios.com\/futbol\/futbol-internacional\/sandra-rossi-poder-mental-en-river-plate\/2016\/03","title":{"rendered":"Sandra Rossi: poder mental en River Plate"},"content":{"rendered":"<p>El ciclo 2014-15 fue de ensue\u00f1o para <strong>River Plate<\/strong> en el plano internacional. Bajo la direcci\u00f3n t\u00e9cnica de Marcelo Gallardo, el club se llev\u00f3 la Copa Sudamericana en diciembre de 2014 y al a\u00f1o siguiente gan\u00f3 la Recopa Sudamericana -en febrero- y luego -en agosto- <a href=\"http:\/\/futboltotal.com.mx\/2015\/08\/river-plate-campeon-de-la-copa-libertadores\/\" target=\"_blank\">su tercera <strong>Copa Libertadores<\/strong>, superando a los Tigres, que parec\u00edan tener un plantel m\u00e1s potente y vasto<\/a>.<\/p>\n<p>Adem\u00e1s de las razones netamente futbol\u00edsticas, uno de los elementos que pudieron ayudar a los de <em>La Banda<\/em> a inclinar la balanza a su favor se encuentra en el cuerpo t\u00e9cnico de Gallardo, quien en junio de 2014, poco despu\u00e9s de hacerse cargo del equipo, incorpor\u00f3 a un peculiar refuerzo a su equipo de trabajo: la doctora <strong>Sandra Rossi<\/strong>.<\/p>\n<p>Por supuesto, la peculiaridad de <strong>Rossi<\/strong> no radica en su g\u00e9nero, sino en su especialidad: <strong>neurociencia aplicada al alto rendimiento<\/strong>. Autodefinida como m\u00e9dica deport\u00f3loga, ella explica que su trabajo no aborda el cerebro \u201cdesde un punto de vista psicol\u00f3gico ni de coaching, sino de entrenar neuronas\u201d.<\/p>\n<p style=\"text-align: center;\"><span style=\"color: #3366ff;\"><strong><a style=\"color: #3366ff;\" href=\"http:\/\/futboltotal.com.mx\/2015\/12\/freddy-adu-el-nino-que-nunca-crecio\/\">LEER M\u00c1S: Freddy Adu, el ni\u00f1o que nunca creci\u00f3<\/a><\/strong><\/span><\/p>\n<p>Para ser claros, no se trata de una funci\u00f3n motivacional, sino de un entrenamiento cerebral. \u00bfC\u00f3mo? Aprovechando que la neurociencia es capaz de mejorar la velocidad de reacci\u00f3n, la visi\u00f3n perif\u00e9rica, los c\u00e1lculos de la distancia\u2026 en s\u00edntesis: \u201cTodo lo que tiene que ver con las funciones cerebrales de un deportista de alto rendimiento\u201d.<\/p>\n<p><iframe loading=\"lazy\" src=\"https:\/\/www.youtube.com\/embed\/CNVsc2ZCgZs?feature=oembed\" frameborder=\"0\" allowfullscreen><\/iframe><\/p>\n<p>Para llevar a la pr\u00e1ctica ese discurso, la doctora <strong>Sandra Rossi\u00a0<\/strong>ha implementado ejercicios como el que los futbolistas de <strong>River Plate<\/strong> realizaron en la pretemporada en Miami en julio de 2014: ten\u00edan que pasarse una pelota sin mirarla y tan r\u00e1pido como pudieran, con la vista puesta en la computadora donde se marcaba el tiempo que tardaban.<\/p>\n<p>Antes de integrarse al cuerpo t\u00e9cnico del <em>Millo<\/em>, la doctora\u00a0<strong>Rossi\u00a0<\/strong>ya hab\u00eda trabajado por separado con futbolistas como Radamel Falcao y Fernando Cavenaghi (con quien se reuni\u00f3 en River) y con equipos de otras disciplinas, como la selecci\u00f3n argentina de rugby o la de voleibol de Polonia.<\/p>\n<p style=\"text-align: center;\"><strong><span style=\"color: #3366ff;\"><a style=\"color: #3366ff;\" href=\"http:\/\/futboltotal.com.mx\/2015\/12\/hace-historia-marcelo-gallardo-como-tecnico-en-el-2015\/\" target=\"_blank\">LEER M\u00c1S:\u00a0Hace historia Marcelo Gallardo como DT en 2015<\/a><\/span><\/strong><\/p>\n<p>Adem\u00e1s de formar parte del cuerpo t\u00e9cnico <em>millonario<\/em>, <strong>Sandra Rossi\u00a0<\/strong>dirige el <em>1st Place Institute<\/em>, que se enfoca en \u201cEntrenar el cerebro de los atletas para trabajar bajo estr\u00e9s y tener reacciones m\u00e1s veloces y mejores\u201d. Para ello, utilizan una metodolog\u00eda enfocada en tres \u00e1reas: habilidades motoras y de percepci\u00f3n (como la concentraci\u00f3n y visi\u00f3n perif\u00e9rica), manejo de estr\u00e9s y habilidades f\u00edsicas (agilidad y coordinaci\u00f3n entre mano y ojo son un par de ejemplos).<\/p>\n<p>Es en el <em>1st Place Institute<\/em>, donde <strong>Sandra Rossi<\/strong> ha trabajado con otros deportistas y donde la contact\u00f3 Marcelo Gallardo, quien tras incorporarla a su equipo de trabajo explic\u00f3: \u201cella es una herramienta m\u00e1s para que los jugadores se puedan potenciar\u201d.<\/p>\n<p>A partir de su incorporaci\u00f3n al equipo, <strong>Rossi<\/strong> ha trabajado para -en sus palabras- \u201cacortar el tiempo de lectura y de reacci\u00f3n motora de los jugadores en todas las situaciones de juego\u201d. Y a juzgar por los resultados que los <em>Millonarios<\/em> han obtenido, parece que ha tenido \u00e9xito.<\/p>\n","protected":false},"excerpt":{"rendered":"<p>Sandra Rossi, un arma m\u00e1s para los Millonarios<\/p>\n","protected":false},"author":20,"featured_media":378263,"comment_status":"closed","ping_status":"closed","sticky":false,"template":"","format":"standard","meta":[],"categories":[3839,5951],"tags":[1396,6869,164],"_links":{"self":[{"href":"http:\/\/desarrollo.grupomedios.com\/futbol\/wp-json\/wp\/v2\/posts\/358729"}],"collection":[{"href":"http:\/\/desarrollo.grupomedios.com\/futbol\/wp-json\/wp\/v2\/posts"}],"about":[{"href":"http:\/\/desarrollo.grupomedios.com\/futbol\/wp-json\/wp\/v2\/types\/post"}],"author":[{"embeddable":true,"href":"http:\/\/desarrollo.grupomedios.com\/futbol\/wp-json\/wp\/v2\/users\/20"}],"replies":[{"embeddable":true,"href":"http:\/\/desarrollo.grupomedios.com\/futbol\/wp-json\/wp\/v2\/comments?post=358729"}],"version-history":[{"count":0,"href":"http:\/\/desarrollo.grupomedios.com\/futbol\/wp-json\/wp\/v2\/posts\/358729\/revisions"}],"wp:featuredmedia":[{"embeddable":true,"href":"http:\/\/desarrollo.grupomedios.com\/futbol\/wp-json\/wp\/v2\/media\/378263"}],"wp:attachment":[{"href":"http:\/\/desarrollo.grupomedios.com\/futbol\/wp-json\/wp\/v2\/media?parent=358729"}],"wp:term":[{"taxonomy":"category","embeddable":true,"href":"http:\/\/desarrollo.grupomedios.com\/futbol\/wp-json\/wp\/v2\/categories?post=358729"},{"taxonomy":"post_tag","embeddable":true,"href":"http:\/\/desarrollo.grupomedios.com\/futbol\/wp-json\/wp\/v2\/tags?post=358729"}],"curies":[{"name":"wp","href":"https:\/\/api.w.org\/{rel}","templated":true}]}}