{"id":358736,"date":"2016-02-18T10:38:16","date_gmt":"2016-02-18T16:38:16","guid":{"rendered":"http:\/\/futboltotal.com.mx\/?p=358736"},"modified":"2016-02-18T10:39:17","modified_gmt":"2016-02-18T16:39:17","slug":"cristiano-victima-de-football-leaks","status":"publish","type":"post","link":"http:\/\/desarrollo.grupomedios.com\/futbol\/videos\/cristiano-victima-de-football-leaks\/2016\/02","title":{"rendered":"Cristiano Ronaldo, v\u00edctima de Football Leaks"},"content":{"rendered":"<p>De nueva cuenta <strong>Football Leaks<\/strong> ha filtrado detalles de los contrato de un jugador del<strong> Real Madrid<\/strong>. En d\u00edas pasados lo hicieron con Toni Kross, James Rodr\u00edguez, incluso con el traspaso de Xabi Alonso al Bayern M\u00fanich, pero en esta ocasi\u00f3n destap\u00f3 la cifra que gan\u00f3 <strong>Cristiano Ronaldo<\/strong>, la leyenda del club, por haber filmado un comercial con una empresa \u00e1rabe de telecomunicaciones en 2012. El <em>crack<\/em> portugu\u00e9s gan\u00f3 nada menos que 1.1 millones de euros (casi 20 millones de pesos mexicanos) por ceder sus derechos de imagen.<\/p>\n<p><iframe loading=\"lazy\" src=\"https:\/\/www.youtube.com\/embed\/tYtcYNQ85BA\" frameborder=\"0\" allowfullscreen=\"allowfullscreen\"><\/iframe><\/p>\n","protected":false},"excerpt":{"rendered":"<p>El portal ruso revela la millonaria cifra que gan\u00f3 CR7 por filmar este comercial<\/p>\n","protected":false},"author":20,"featured_media":358738,"comment_status":"closed","ping_status":"closed","sticky":false,"template":"","format":"standard","meta":[],"categories":[3839,3844,4],"tags":[6013,5988],"_links":{"self":[{"href":"http:\/\/desarrollo.grupomedios.com\/futbol\/wp-json\/wp\/v2\/posts\/358736"}],"collection":[{"href":"http:\/\/desarrollo.grupomedios.com\/futbol\/wp-json\/wp\/v2\/posts"}],"about":[{"href":"http:\/\/desarrollo.grupomedios.com\/futbol\/wp-json\/wp\/v2\/types\/post"}],"author":[{"embeddable":true,"href":"http:\/\/desarrollo.grupomedios.com\/futbol\/wp-json\/wp\/v2\/users\/20"}],"replies":[{"embeddable":true,"href":"http:\/\/desarrollo.grupomedios.com\/futbol\/wp-json\/wp\/v2\/comments?post=358736"}],"version-history":[{"count":0,"href":"http:\/\/desarrollo.grupomedios.com\/futbol\/wp-json\/wp\/v2\/posts\/358736\/revisions"}],"wp:featuredmedia":[{"embeddable":true,"href":"http:\/\/desarrollo.grupomedios.com\/futbol\/wp-json\/wp\/v2\/media\/358738"}],"wp:attachment":[{"href":"http:\/\/desarrollo.grupomedios.com\/futbol\/wp-json\/wp\/v2\/media?parent=358736"}],"wp:term":[{"taxonomy":"category","embeddable":true,"href":"http:\/\/desarrollo.grupomedios.com\/futbol\/wp-json\/wp\/v2\/categories?post=358736"},{"taxonomy":"post_tag","embeddable":true,"href":"http:\/\/desarrollo.grupomedios.com\/futbol\/wp-json\/wp\/v2\/tags?post=358736"}],"curies":[{"name":"wp","href":"https:\/\/api.w.org\/{rel}","templated":true}]}}